{"id":32074,"date":"2021-08-27T11:02:23","date_gmt":"2021-08-27T14:02:23","guid":{"rendered":"https:\/\/www.uninter.com\/radio\/?p=32074"},"modified":"2021-08-27T11:02:23","modified_gmt":"2021-08-27T14:02:23","slug":"uninter-informa-09-2021","status":"publish","type":"post","link":"https:\/\/www.uninter.com\/radio\/uninter-informa-09-2021","title":{"rendered":"Uninter Informa #09.2021"},"content":{"rendered":"<p id=\"viewer-5v913\" class=\"XzvDs _208Ie _1atvN _2QAo- _25MYV _2WrB- _1atvN public-DraftStyleDefault-block-depth0 public-DraftStyleDefault-text-ltr\"><span class=\"vkIF2 public-DraftStyleDefault-ltr\">Est\u00e1 dispon\u00edvel a nova edi\u00e7\u00e3o do Uninter Informa. Apresentado por Paulo Pess\u00f4a, o programa desta sexta-feira fala sobre os constantes ataques ao sistema eleitoral feitos pelo presidente da rep\u00fablica, com o rep\u00f3rter Mauricio Geronasso. A rep\u00f3rter Camila Sehn fala sobre o trabalho de professores em home office. O uso de lives para vendas de produtos de lojas do setor de vestu\u00e1rio tem sido uma das estrat\u00e9gias para driblar os impactos causados por ela no \u00faltimo ano, e o rep\u00f3rter Maico Alexandre conta como os lojistas v\u00eam se reinventando. O 20\u00ba Encontro da Associa\u00e7\u00e3o Brasileira de Jornalismo (Abej), realizado na \u00faltima semana, reuniu pesquisadores, professores e alunos da \u00e1rea. A reportagem de Stefani Salles traz detalhes do evento. Tudo isso e muito mais!<\/span><\/p>\n<!--[if lt IE 9]><script>document.createElement('audio');<\/script><![endif]-->\n<audio class=\"wp-audio-shortcode\" id=\"audio-32074-1\" preload=\"none\" style=\"width: 100%;\" controls=\"controls\"><source type=\"audio\/mpeg\" src=\"https:\/\/www.uninter.com\/radio\/wp-content\/uploads\/2021\/08\/UI20-08-2021.mp3?_=1\" \/><a href=\"https:\/\/www.uninter.com\/radio\/wp-content\/uploads\/2021\/08\/UI20-08-2021.mp3\">https:\/\/www.uninter.com\/radio\/wp-content\/uploads\/2021\/08\/UI20-08-2021.mp3<\/a><\/audio>\n","protected":false},"excerpt":{"rendered":"<p>Est\u00e1 dispon\u00edvel a nova edi\u00e7\u00e3o do Uninter Informa. Apresentado por Paulo Pess\u00f4a, o programa desta&#8230;<\/p>\n","protected":false},"author":3,"featured_media":31197,"comment_status":"open","ping_status":"open","sticky":false,"template":"","format":"standard","meta":[],"categories":[2747],"tags":[],"_links":{"self":[{"href":"https:\/\/www.uninter.com\/radio\/wp-json\/wp\/v2\/posts\/32074"}],"collection":[{"href":"https:\/\/www.uninter.com\/radio\/wp-json\/wp\/v2\/posts"}],"about":[{"href":"https:\/\/www.uninter.com\/radio\/wp-json\/wp\/v2\/types\/post"}],"author":[{"embeddable":true,"href":"https:\/\/www.uninter.com\/radio\/wp-json\/wp\/v2\/users\/3"}],"replies":[{"embeddable":true,"href":"https:\/\/www.uninter.com\/radio\/wp-json\/wp\/v2\/comments?post=32074"}],"version-history":[{"count":1,"href":"https:\/\/www.uninter.com\/radio\/wp-json\/wp\/v2\/posts\/32074\/revisions"}],"predecessor-version":[{"id":32076,"href":"https:\/\/www.uninter.com\/radio\/wp-json\/wp\/v2\/posts\/32074\/revisions\/32076"}],"wp:featuredmedia":[{"embeddable":true,"href":"https:\/\/www.uninter.com\/radio\/wp-json\/wp\/v2\/media\/31197"}],"wp:attachment":[{"href":"https:\/\/www.uninter.com\/radio\/wp-json\/wp\/v2\/media?parent=32074"}],"wp:term":[{"taxonomy":"category","embeddable":true,"href":"https:\/\/www.uninter.com\/radio\/wp-json\/wp\/v2\/categories?post=32074"},{"taxonomy":"post_tag","embeddable":true,"href":"https:\/\/www.uninter.com\/radio\/wp-json\/wp\/v2\/tags?post=32074"}],"curies":[{"name":"wp","href":"https:\/\/api.w.org\/{rel}","templated":true}]}}