{"id":32065,"date":"2021-08-27T10:54:09","date_gmt":"2021-08-27T13:54:09","guid":{"rendered":"https:\/\/www.uninter.com\/radio\/?p=32065"},"modified":"2021-08-27T10:54:09","modified_gmt":"2021-08-27T13:54:09","slug":"conversa-com-o-reitor-62","status":"publish","type":"post","link":"https:\/\/www.uninter.com\/radio\/conversa-com-o-reitor-62","title":{"rendered":"Conversa com o Reitor #62"},"content":{"rendered":"<p>Nesta edi\u00e7\u00e3o vamos conhecer mais quatro polos da Uninter de diferentes regi\u00f5es do Brasil. Para isso, contamos com a participa\u00e7\u00e3o dos gestores de polo da Uninter: Diene Eire (gestora do polo Maring\u00e1-PR); Ernandes Castro da Silva J\u00fanior (gestor do polo Boa Vista-RR); Grazieli Pache Albuquerque Takahashi (gestora do polo Lucas do Rio Verde-MT); Mary Aparecida Ferreira da Silva (gestora do polo Ibitinga-SP). A apresenta\u00e7\u00e3o \u00e9 de Benhur Gaio, Reitor do Centro Universit\u00e1rio Internacional Uninter.<\/p>\n<!--[if lt IE 9]><script>document.createElement('audio');<\/script><![endif]-->\n<audio class=\"wp-audio-shortcode\" id=\"audio-32065-1\" preload=\"none\" style=\"width: 100%;\" controls=\"controls\"><source type=\"audio\/mpeg\" src=\"https:\/\/www.uninter.com\/radio\/wp-content\/uploads\/2021\/08\/conversa-com-o-reitor-20_08_2021_mixagem-online-audio-converter.com_.mp3?_=1\" \/><a href=\"https:\/\/www.uninter.com\/radio\/wp-content\/uploads\/2021\/08\/conversa-com-o-reitor-20_08_2021_mixagem-online-audio-converter.com_.mp3\">https:\/\/www.uninter.com\/radio\/wp-content\/uploads\/2021\/08\/conversa-com-o-reitor-20_08_2021_mixagem-online-audio-converter.com_.mp3<\/a><\/audio>\n","protected":false},"excerpt":{"rendered":"<p>Nesta edi\u00e7\u00e3o vamos conhecer mais quatro polos da Uninter de diferentes regi\u00f5es do Brasil. Para&#8230;<\/p>\n","protected":false},"author":3,"featured_media":31088,"comment_status":"open","ping_status":"open","sticky":false,"template":"","format":"standard","meta":[],"categories":[2724],"tags":[],"_links":{"self":[{"href":"https:\/\/www.uninter.com\/radio\/wp-json\/wp\/v2\/posts\/32065"}],"collection":[{"href":"https:\/\/www.uninter.com\/radio\/wp-json\/wp\/v2\/posts"}],"about":[{"href":"https:\/\/www.uninter.com\/radio\/wp-json\/wp\/v2\/types\/post"}],"author":[{"embeddable":true,"href":"https:\/\/www.uninter.com\/radio\/wp-json\/wp\/v2\/users\/3"}],"replies":[{"embeddable":true,"href":"https:\/\/www.uninter.com\/radio\/wp-json\/wp\/v2\/comments?post=32065"}],"version-history":[{"count":1,"href":"https:\/\/www.uninter.com\/radio\/wp-json\/wp\/v2\/posts\/32065\/revisions"}],"predecessor-version":[{"id":32067,"href":"https:\/\/www.uninter.com\/radio\/wp-json\/wp\/v2\/posts\/32065\/revisions\/32067"}],"wp:featuredmedia":[{"embeddable":true,"href":"https:\/\/www.uninter.com\/radio\/wp-json\/wp\/v2\/media\/31088"}],"wp:attachment":[{"href":"https:\/\/www.uninter.com\/radio\/wp-json\/wp\/v2\/media?parent=32065"}],"wp:term":[{"taxonomy":"category","embeddable":true,"href":"https:\/\/www.uninter.com\/radio\/wp-json\/wp\/v2\/categories?post=32065"},{"taxonomy":"post_tag","embeddable":true,"href":"https:\/\/www.uninter.com\/radio\/wp-json\/wp\/v2\/tags?post=32065"}],"curies":[{"name":"wp","href":"https:\/\/api.w.org\/{rel}","templated":true}]}}