{"id":32056,"date":"2021-08-27T10:46:50","date_gmt":"2021-08-27T13:46:50","guid":{"rendered":"https:\/\/www.uninter.com\/radio\/?p=32056"},"modified":"2021-08-27T10:46:50","modified_gmt":"2021-08-27T13:46:50","slug":"chave-interdisciplinar-52","status":"publish","type":"post","link":"https:\/\/www.uninter.com\/radio\/chave-interdisciplinar-52","title":{"rendered":"Chave Interdisciplinar #52"},"content":{"rendered":"<div dir=\"auto\">Nesse epis\u00f3dio do Chave Interdisciplinar vamos abordar o desenvolvimento da criatividade, do pensamento cr\u00edtico e estrat\u00e9gico no contexto educacional, principalmente na articula\u00e7\u00e3o em sala de aula para a promo\u00e7\u00e3o da aprendizagem. Compreendendo, assim, a criatividade como compet\u00eancia a ser estimulada em todos os n\u00edveis e \u00e1reas do conhecimento.<\/div>\n<div dir=\"auto\">Com as professoras: Me. Jucimara de Barros Bandeira e Me. Rita de C\u00e1ssia Turmann Tuchinski e mediadora: Dra. Gisele do Rocio Cordeiro.<\/div>\n<!--[if lt IE 9]><script>document.createElement('audio');<\/script><![endif]-->\n<audio class=\"wp-audio-shortcode\" id=\"audio-32056-1\" preload=\"none\" style=\"width: 100%;\" controls=\"controls\"><source type=\"audio\/mpeg\" src=\"https:\/\/www.uninter.com\/radio\/wp-content\/uploads\/2021\/08\/chave-19_08_2021_mixagem.mp3?_=1\" \/><a href=\"https:\/\/www.uninter.com\/radio\/wp-content\/uploads\/2021\/08\/chave-19_08_2021_mixagem.mp3\">https:\/\/www.uninter.com\/radio\/wp-content\/uploads\/2021\/08\/chave-19_08_2021_mixagem.mp3<\/a><\/audio>\n","protected":false},"excerpt":{"rendered":"<p>Nesse epis\u00f3dio do Chave Interdisciplinar vamos abordar o desenvolvimento da criatividade, do pensamento cr\u00edtico e&#8230;<\/p>\n","protected":false},"author":3,"featured_media":31168,"comment_status":"open","ping_status":"open","sticky":false,"template":"","format":"standard","meta":[],"categories":[2735],"tags":[],"_links":{"self":[{"href":"https:\/\/www.uninter.com\/radio\/wp-json\/wp\/v2\/posts\/32056"}],"collection":[{"href":"https:\/\/www.uninter.com\/radio\/wp-json\/wp\/v2\/posts"}],"about":[{"href":"https:\/\/www.uninter.com\/radio\/wp-json\/wp\/v2\/types\/post"}],"author":[{"embeddable":true,"href":"https:\/\/www.uninter.com\/radio\/wp-json\/wp\/v2\/users\/3"}],"replies":[{"embeddable":true,"href":"https:\/\/www.uninter.com\/radio\/wp-json\/wp\/v2\/comments?post=32056"}],"version-history":[{"count":1,"href":"https:\/\/www.uninter.com\/radio\/wp-json\/wp\/v2\/posts\/32056\/revisions"}],"predecessor-version":[{"id":32058,"href":"https:\/\/www.uninter.com\/radio\/wp-json\/wp\/v2\/posts\/32056\/revisions\/32058"}],"wp:featuredmedia":[{"embeddable":true,"href":"https:\/\/www.uninter.com\/radio\/wp-json\/wp\/v2\/media\/31168"}],"wp:attachment":[{"href":"https:\/\/www.uninter.com\/radio\/wp-json\/wp\/v2\/media?parent=32056"}],"wp:term":[{"taxonomy":"category","embeddable":true,"href":"https:\/\/www.uninter.com\/radio\/wp-json\/wp\/v2\/categories?post=32056"},{"taxonomy":"post_tag","embeddable":true,"href":"https:\/\/www.uninter.com\/radio\/wp-json\/wp\/v2\/tags?post=32056"}],"curies":[{"name":"wp","href":"https:\/\/api.w.org\/{rel}","templated":true}]}}