{"id":31980,"date":"2021-08-20T11:09:56","date_gmt":"2021-08-20T14:09:56","guid":{"rendered":"https:\/\/www.uninter.com\/radio\/?p=31980"},"modified":"2021-08-20T11:09:56","modified_gmt":"2021-08-20T14:09:56","slug":"humanidades-51","status":"publish","type":"post","link":"https:\/\/www.uninter.com\/radio\/humanidades-51","title":{"rendered":"Humanidades #51"},"content":{"rendered":"<div dir=\"auto\">No Humanidades vamos falar um pouco sobre a rela\u00e7\u00e3o dos alunos quanto a aulas na pandemia.<\/div>\n<div dir=\"auto\">Para isso contamos com a presen\u00e7a de Thiago Machado, diretor de opera\u00e7\u00f5es da OSC Vis\u00e3o Mundial, e media\u00e7\u00e3o de Profa. Denise Erthal e Prof. Andrew A. Silva &#8211; CST Gest\u00e3o de Organiza\u00e7\u00f5es do Terceiro Setor.<\/div>\n<!--[if lt IE 9]><script>document.createElement('audio');<\/script><![endif]-->\n<audio class=\"wp-audio-shortcode\" id=\"audio-31980-1\" preload=\"none\" style=\"width: 100%;\" controls=\"controls\"><source type=\"audio\/mpeg\" src=\"https:\/\/www.uninter.com\/radio\/wp-content\/uploads\/2021\/08\/humanidades-11_08_2021_mixagem.mp3?_=1\" \/><a href=\"https:\/\/www.uninter.com\/radio\/wp-content\/uploads\/2021\/08\/humanidades-11_08_2021_mixagem.mp3\">https:\/\/www.uninter.com\/radio\/wp-content\/uploads\/2021\/08\/humanidades-11_08_2021_mixagem.mp3<\/a><\/audio>\n","protected":false},"excerpt":{"rendered":"<p>No Humanidades vamos falar um pouco sobre a rela\u00e7\u00e3o dos alunos quanto a aulas na&#8230;<\/p>\n","protected":false},"author":3,"featured_media":31146,"comment_status":"open","ping_status":"open","sticky":false,"template":"","format":"standard","meta":[],"categories":[2707],"tags":[],"_links":{"self":[{"href":"https:\/\/www.uninter.com\/radio\/wp-json\/wp\/v2\/posts\/31980"}],"collection":[{"href":"https:\/\/www.uninter.com\/radio\/wp-json\/wp\/v2\/posts"}],"about":[{"href":"https:\/\/www.uninter.com\/radio\/wp-json\/wp\/v2\/types\/post"}],"author":[{"embeddable":true,"href":"https:\/\/www.uninter.com\/radio\/wp-json\/wp\/v2\/users\/3"}],"replies":[{"embeddable":true,"href":"https:\/\/www.uninter.com\/radio\/wp-json\/wp\/v2\/comments?post=31980"}],"version-history":[{"count":1,"href":"https:\/\/www.uninter.com\/radio\/wp-json\/wp\/v2\/posts\/31980\/revisions"}],"predecessor-version":[{"id":31982,"href":"https:\/\/www.uninter.com\/radio\/wp-json\/wp\/v2\/posts\/31980\/revisions\/31982"}],"wp:featuredmedia":[{"embeddable":true,"href":"https:\/\/www.uninter.com\/radio\/wp-json\/wp\/v2\/media\/31146"}],"wp:attachment":[{"href":"https:\/\/www.uninter.com\/radio\/wp-json\/wp\/v2\/media?parent=31980"}],"wp:term":[{"taxonomy":"category","embeddable":true,"href":"https:\/\/www.uninter.com\/radio\/wp-json\/wp\/v2\/categories?post=31980"},{"taxonomy":"post_tag","embeddable":true,"href":"https:\/\/www.uninter.com\/radio\/wp-json\/wp\/v2\/tags?post=31980"}],"curies":[{"name":"wp","href":"https:\/\/api.w.org\/{rel}","templated":true}]}}