{"id":31959,"date":"2021-08-20T10:40:20","date_gmt":"2021-08-20T13:40:20","guid":{"rendered":"https:\/\/www.uninter.com\/radio\/?p=31959"},"modified":"2021-08-20T10:40:20","modified_gmt":"2021-08-20T13:40:20","slug":"talento-em-foco-56","status":"publish","type":"post","link":"https:\/\/www.uninter.com\/radio\/talento-em-foco-56","title":{"rendered":"Talento em Foco #56"},"content":{"rendered":"<p>O\u00a0programa Talento em Foco come\u00e7a a s\u00e9rie Inspira\u00e7\u00f5es, e para abrir a temporada, nada melhor do que conhecer um pouco da carreira e se inspirar com a hist\u00f3ria do professor decano da Uninter, Alvino Moser.<\/p>\n<p>A Apresenta\u00e7\u00e3o \u00e9 de \u00c9rika Lotz e Barbara Carvalho.<\/p>\n<!--[if lt IE 9]><script>document.createElement('audio');<\/script><![endif]-->\n<audio class=\"wp-audio-shortcode\" id=\"audio-31959-1\" preload=\"none\" style=\"width: 100%;\" controls=\"controls\"><source type=\"audio\/mpeg\" src=\"https:\/\/www.uninter.com\/radio\/wp-content\/uploads\/2021\/08\/talento-em-foco-09_08_2021_mixagem.mp3?_=1\" \/><a href=\"https:\/\/www.uninter.com\/radio\/wp-content\/uploads\/2021\/08\/talento-em-foco-09_08_2021_mixagem.mp3\">https:\/\/www.uninter.com\/radio\/wp-content\/uploads\/2021\/08\/talento-em-foco-09_08_2021_mixagem.mp3<\/a><\/audio>\n","protected":false},"excerpt":{"rendered":"<p>O\u00a0programa Talento em Foco come\u00e7a a s\u00e9rie Inspira\u00e7\u00f5es, e para abrir a temporada, nada melhor&#8230;<\/p>\n","protected":false},"author":3,"featured_media":31128,"comment_status":"open","ping_status":"open","sticky":false,"template":"","format":"standard","meta":[],"categories":[2723],"tags":[],"_links":{"self":[{"href":"https:\/\/www.uninter.com\/radio\/wp-json\/wp\/v2\/posts\/31959"}],"collection":[{"href":"https:\/\/www.uninter.com\/radio\/wp-json\/wp\/v2\/posts"}],"about":[{"href":"https:\/\/www.uninter.com\/radio\/wp-json\/wp\/v2\/types\/post"}],"author":[{"embeddable":true,"href":"https:\/\/www.uninter.com\/radio\/wp-json\/wp\/v2\/users\/3"}],"replies":[{"embeddable":true,"href":"https:\/\/www.uninter.com\/radio\/wp-json\/wp\/v2\/comments?post=31959"}],"version-history":[{"count":1,"href":"https:\/\/www.uninter.com\/radio\/wp-json\/wp\/v2\/posts\/31959\/revisions"}],"predecessor-version":[{"id":31961,"href":"https:\/\/www.uninter.com\/radio\/wp-json\/wp\/v2\/posts\/31959\/revisions\/31961"}],"wp:featuredmedia":[{"embeddable":true,"href":"https:\/\/www.uninter.com\/radio\/wp-json\/wp\/v2\/media\/31128"}],"wp:attachment":[{"href":"https:\/\/www.uninter.com\/radio\/wp-json\/wp\/v2\/media?parent=31959"}],"wp:term":[{"taxonomy":"category","embeddable":true,"href":"https:\/\/www.uninter.com\/radio\/wp-json\/wp\/v2\/categories?post=31959"},{"taxonomy":"post_tag","embeddable":true,"href":"https:\/\/www.uninter.com\/radio\/wp-json\/wp\/v2\/tags?post=31959"}],"curies":[{"name":"wp","href":"https:\/\/api.w.org\/{rel}","templated":true}]}}