{"id":31946,"date":"2021-08-11T20:23:27","date_gmt":"2021-08-11T23:23:27","guid":{"rendered":"https:\/\/www.uninter.com\/radio\/?p=31946"},"modified":"2021-08-11T20:23:27","modified_gmt":"2021-08-11T23:23:27","slug":"conversa-com-o-reitor-60","status":"publish","type":"post","link":"https:\/\/www.uninter.com\/radio\/conversa-com-o-reitor-60","title":{"rendered":"Conversa com o Reitor #60"},"content":{"rendered":"<p>Nesta edi\u00e7\u00e3o vamos falar de a\u00e7\u00f5es realizadas por polos da Uninter de quatro regi\u00f5es diferentes do Brasil. Para isso, teremos a participa\u00e7\u00e3o dos gestores(as) de polo da Uninter: Fernanda Milani Mohr (PAP Santa Rosa-RS); Cynthia Amaral Badu (PAP Formosa-GO e Planaltina-DF); Elis Gard\u00eania dos Santos Sousa (PAP Bacabal-MA); Bruno Costa Ribeiro (PAP Caratinga-MG). Acompanhe!<\/p>\n<!--[if lt IE 9]><script>document.createElement('audio');<\/script><![endif]-->\n<audio class=\"wp-audio-shortcode\" id=\"audio-31946-1\" preload=\"none\" style=\"width: 100%;\" controls=\"controls\"><source type=\"audio\/mpeg\" src=\"https:\/\/www.uninter.com\/radio\/wp-content\/uploads\/2021\/08\/conversa-com-o-reitor-06_08_2021_mixagem-online-audio-converter.com_.mp3?_=1\" \/><a href=\"https:\/\/www.uninter.com\/radio\/wp-content\/uploads\/2021\/08\/conversa-com-o-reitor-06_08_2021_mixagem-online-audio-converter.com_.mp3\">https:\/\/www.uninter.com\/radio\/wp-content\/uploads\/2021\/08\/conversa-com-o-reitor-06_08_2021_mixagem-online-audio-converter.com_.mp3<\/a><\/audio>\n","protected":false},"excerpt":{"rendered":"<p>Nesta edi\u00e7\u00e3o vamos falar de a\u00e7\u00f5es realizadas por polos da Uninter de quatro regi\u00f5es diferentes&#8230;<\/p>\n","protected":false},"author":3,"featured_media":31088,"comment_status":"open","ping_status":"open","sticky":false,"template":"","format":"standard","meta":[],"categories":[2724],"tags":[],"_links":{"self":[{"href":"https:\/\/www.uninter.com\/radio\/wp-json\/wp\/v2\/posts\/31946"}],"collection":[{"href":"https:\/\/www.uninter.com\/radio\/wp-json\/wp\/v2\/posts"}],"about":[{"href":"https:\/\/www.uninter.com\/radio\/wp-json\/wp\/v2\/types\/post"}],"author":[{"embeddable":true,"href":"https:\/\/www.uninter.com\/radio\/wp-json\/wp\/v2\/users\/3"}],"replies":[{"embeddable":true,"href":"https:\/\/www.uninter.com\/radio\/wp-json\/wp\/v2\/comments?post=31946"}],"version-history":[{"count":1,"href":"https:\/\/www.uninter.com\/radio\/wp-json\/wp\/v2\/posts\/31946\/revisions"}],"predecessor-version":[{"id":31948,"href":"https:\/\/www.uninter.com\/radio\/wp-json\/wp\/v2\/posts\/31946\/revisions\/31948"}],"wp:featuredmedia":[{"embeddable":true,"href":"https:\/\/www.uninter.com\/radio\/wp-json\/wp\/v2\/media\/31088"}],"wp:attachment":[{"href":"https:\/\/www.uninter.com\/radio\/wp-json\/wp\/v2\/media?parent=31946"}],"wp:term":[{"taxonomy":"category","embeddable":true,"href":"https:\/\/www.uninter.com\/radio\/wp-json\/wp\/v2\/categories?post=31946"},{"taxonomy":"post_tag","embeddable":true,"href":"https:\/\/www.uninter.com\/radio\/wp-json\/wp\/v2\/tags?post=31946"}],"curies":[{"name":"wp","href":"https:\/\/api.w.org\/{rel}","templated":true}]}}