{"id":31937,"date":"2021-08-11T20:05:49","date_gmt":"2021-08-11T23:05:49","guid":{"rendered":"https:\/\/www.uninter.com\/radio\/?p=31937"},"modified":"2021-08-11T20:05:49","modified_gmt":"2021-08-11T23:05:49","slug":"chave-interdisciplinar-50","status":"publish","type":"post","link":"https:\/\/www.uninter.com\/radio\/chave-interdisciplinar-50","title":{"rendered":"Chave Interdisciplinar #50"},"content":{"rendered":"<div dir=\"auto\">Neste epis\u00f3dio do Chave Interdisciplinar vamos abordar as rela\u00e7\u00f5es entre literatura, mulher negra e direitos humanos, problematizando como a literatura \u00e9 capaz de nos colocar diante do outro, despertando o sentimento de pertencimento e de alteridade.<\/div>\n<div dir=\"auto\">Com os professores Esp. Thays Carvalho Cesar e Dra. Thays Concei\u00e7\u00e3o Cunha de Athayde, e media\u00e7\u00e3o da Prof\u00aa Dra. Deisily de Quadros.<\/div>\n<!--[if lt IE 9]><script>document.createElement('audio');<\/script><![endif]-->\n<audio class=\"wp-audio-shortcode\" id=\"audio-31937-1\" preload=\"none\" style=\"width: 100%;\" controls=\"controls\"><source type=\"audio\/mpeg\" src=\"https:\/\/www.uninter.com\/radio\/wp-content\/uploads\/2021\/08\/chave-05_08_2021_mixagem.mp3?_=1\" \/><a href=\"https:\/\/www.uninter.com\/radio\/wp-content\/uploads\/2021\/08\/chave-05_08_2021_mixagem.mp3\">https:\/\/www.uninter.com\/radio\/wp-content\/uploads\/2021\/08\/chave-05_08_2021_mixagem.mp3<\/a><\/audio>\n","protected":false},"excerpt":{"rendered":"<p>Neste epis\u00f3dio do Chave Interdisciplinar vamos abordar as rela\u00e7\u00f5es entre literatura, mulher negra e direitos&#8230;<\/p>\n","protected":false},"author":3,"featured_media":31168,"comment_status":"open","ping_status":"open","sticky":false,"template":"","format":"standard","meta":[],"categories":[2735],"tags":[],"_links":{"self":[{"href":"https:\/\/www.uninter.com\/radio\/wp-json\/wp\/v2\/posts\/31937"}],"collection":[{"href":"https:\/\/www.uninter.com\/radio\/wp-json\/wp\/v2\/posts"}],"about":[{"href":"https:\/\/www.uninter.com\/radio\/wp-json\/wp\/v2\/types\/post"}],"author":[{"embeddable":true,"href":"https:\/\/www.uninter.com\/radio\/wp-json\/wp\/v2\/users\/3"}],"replies":[{"embeddable":true,"href":"https:\/\/www.uninter.com\/radio\/wp-json\/wp\/v2\/comments?post=31937"}],"version-history":[{"count":1,"href":"https:\/\/www.uninter.com\/radio\/wp-json\/wp\/v2\/posts\/31937\/revisions"}],"predecessor-version":[{"id":31939,"href":"https:\/\/www.uninter.com\/radio\/wp-json\/wp\/v2\/posts\/31937\/revisions\/31939"}],"wp:featuredmedia":[{"embeddable":true,"href":"https:\/\/www.uninter.com\/radio\/wp-json\/wp\/v2\/media\/31168"}],"wp:attachment":[{"href":"https:\/\/www.uninter.com\/radio\/wp-json\/wp\/v2\/media?parent=31937"}],"wp:term":[{"taxonomy":"category","embeddable":true,"href":"https:\/\/www.uninter.com\/radio\/wp-json\/wp\/v2\/categories?post=31937"},{"taxonomy":"post_tag","embeddable":true,"href":"https:\/\/www.uninter.com\/radio\/wp-json\/wp\/v2\/tags?post=31937"}],"curies":[{"name":"wp","href":"https:\/\/api.w.org\/{rel}","templated":true}]}}