{"id":31907,"date":"2021-08-11T19:04:12","date_gmt":"2021-08-11T22:04:12","guid":{"rendered":"https:\/\/www.uninter.com\/radio\/?p=31907"},"modified":"2021-08-11T19:04:12","modified_gmt":"2021-08-11T22:04:12","slug":"talento-em-foco-55","status":"publish","type":"post","link":"https:\/\/www.uninter.com\/radio\/talento-em-foco-55","title":{"rendered":"Talento em Foco #55"},"content":{"rendered":"<div dir=\"auto\">Hoje em dia \u00e9 muito comum as pessoas mostrarem seu trabalho nas redes sociais, mas quais s\u00e3o os pontos positivos e negativos desta pr\u00e1tica?<\/div>\n<div dir=\"auto\">Imagem profissional e redes sociais \u00e9 o assunto do Talento em Foco, e a conversa conta com a presen\u00e7a de \u00c9rika Lotz, Evandro Tosin e Barbara Carvalho.<\/div>\n<!--[if lt IE 9]><script>document.createElement('audio');<\/script><![endif]-->\n<audio class=\"wp-audio-shortcode\" id=\"audio-31907-1\" preload=\"none\" style=\"width: 100%;\" controls=\"controls\"><source type=\"audio\/mpeg\" src=\"https:\/\/www.uninter.com\/radio\/wp-content\/uploads\/2021\/08\/talento-em-foco-02_08_2021_mixagem.mp3?_=1\" \/><a href=\"https:\/\/www.uninter.com\/radio\/wp-content\/uploads\/2021\/08\/talento-em-foco-02_08_2021_mixagem.mp3\">https:\/\/www.uninter.com\/radio\/wp-content\/uploads\/2021\/08\/talento-em-foco-02_08_2021_mixagem.mp3<\/a><\/audio>\n","protected":false},"excerpt":{"rendered":"<p>Hoje em dia \u00e9 muito comum as pessoas mostrarem seu trabalho nas redes sociais, mas&#8230;<\/p>\n","protected":false},"author":3,"featured_media":31128,"comment_status":"open","ping_status":"open","sticky":false,"template":"","format":"standard","meta":[],"categories":[2723],"tags":[],"_links":{"self":[{"href":"https:\/\/www.uninter.com\/radio\/wp-json\/wp\/v2\/posts\/31907"}],"collection":[{"href":"https:\/\/www.uninter.com\/radio\/wp-json\/wp\/v2\/posts"}],"about":[{"href":"https:\/\/www.uninter.com\/radio\/wp-json\/wp\/v2\/types\/post"}],"author":[{"embeddable":true,"href":"https:\/\/www.uninter.com\/radio\/wp-json\/wp\/v2\/users\/3"}],"replies":[{"embeddable":true,"href":"https:\/\/www.uninter.com\/radio\/wp-json\/wp\/v2\/comments?post=31907"}],"version-history":[{"count":1,"href":"https:\/\/www.uninter.com\/radio\/wp-json\/wp\/v2\/posts\/31907\/revisions"}],"predecessor-version":[{"id":31909,"href":"https:\/\/www.uninter.com\/radio\/wp-json\/wp\/v2\/posts\/31907\/revisions\/31909"}],"wp:featuredmedia":[{"embeddable":true,"href":"https:\/\/www.uninter.com\/radio\/wp-json\/wp\/v2\/media\/31128"}],"wp:attachment":[{"href":"https:\/\/www.uninter.com\/radio\/wp-json\/wp\/v2\/media?parent=31907"}],"wp:term":[{"taxonomy":"category","embeddable":true,"href":"https:\/\/www.uninter.com\/radio\/wp-json\/wp\/v2\/categories?post=31907"},{"taxonomy":"post_tag","embeddable":true,"href":"https:\/\/www.uninter.com\/radio\/wp-json\/wp\/v2\/tags?post=31907"}],"curies":[{"name":"wp","href":"https:\/\/api.w.org\/{rel}","templated":true}]}}