{"id":31890,"date":"2021-08-02T18:42:24","date_gmt":"2021-08-02T21:42:24","guid":{"rendered":"https:\/\/www.uninter.com\/radio\/?p=31890"},"modified":"2021-08-02T18:42:24","modified_gmt":"2021-08-02T21:42:24","slug":"transito-e-mobilidade-27","status":"publish","type":"post","link":"https:\/\/www.uninter.com\/radio\/transito-e-mobilidade-27","title":{"rendered":"Tr\u00e2nsito e Mobilidade #27"},"content":{"rendered":"<div dir=\"auto\">O Tr\u00e2nsito e Mobilidade aborda o tema &#8220;Gest\u00e3o do tr\u00e2nsito em foco&#8221;<\/div>\n<div dir=\"auto\">Recebemos Alessandro Geraldo Dias (Presidente da entidade sindical em \u00e2mbito estadual de Minas Gerais), Jucimara Fernandes (Gestora de Centro de Forma\u00e7\u00e3o de Condutores e Observadora Certificada pelo ONSV), e Gisele Almeida (Aluna do curso de Gest\u00e3o do Tr\u00e2nsito e Mobilidade Urbana).<\/div>\n<!--[if lt IE 9]><script>document.createElement('audio');<\/script><![endif]-->\n<audio class=\"wp-audio-shortcode\" id=\"audio-31890-1\" preload=\"none\" style=\"width: 100%;\" controls=\"controls\"><source type=\"audio\/mpeg\" src=\"https:\/\/www.uninter.com\/radio\/wp-content\/uploads\/2021\/08\/transito-e-mobilidade-30_07_2021_mixagem.mp3?_=1\" \/><a href=\"https:\/\/www.uninter.com\/radio\/wp-content\/uploads\/2021\/08\/transito-e-mobilidade-30_07_2021_mixagem.mp3\">https:\/\/www.uninter.com\/radio\/wp-content\/uploads\/2021\/08\/transito-e-mobilidade-30_07_2021_mixagem.mp3<\/a><\/audio>\n","protected":false},"excerpt":{"rendered":"<p>O Tr\u00e2nsito e Mobilidade aborda o tema &#8220;Gest\u00e3o do tr\u00e2nsito em foco&#8221; Recebemos Alessandro Geraldo&#8230;<\/p>\n","protected":false},"author":3,"featured_media":31097,"comment_status":"open","ping_status":"open","sticky":false,"template":"","format":"standard","meta":[],"categories":[2718],"tags":[],"_links":{"self":[{"href":"https:\/\/www.uninter.com\/radio\/wp-json\/wp\/v2\/posts\/31890"}],"collection":[{"href":"https:\/\/www.uninter.com\/radio\/wp-json\/wp\/v2\/posts"}],"about":[{"href":"https:\/\/www.uninter.com\/radio\/wp-json\/wp\/v2\/types\/post"}],"author":[{"embeddable":true,"href":"https:\/\/www.uninter.com\/radio\/wp-json\/wp\/v2\/users\/3"}],"replies":[{"embeddable":true,"href":"https:\/\/www.uninter.com\/radio\/wp-json\/wp\/v2\/comments?post=31890"}],"version-history":[{"count":1,"href":"https:\/\/www.uninter.com\/radio\/wp-json\/wp\/v2\/posts\/31890\/revisions"}],"predecessor-version":[{"id":31892,"href":"https:\/\/www.uninter.com\/radio\/wp-json\/wp\/v2\/posts\/31890\/revisions\/31892"}],"wp:featuredmedia":[{"embeddable":true,"href":"https:\/\/www.uninter.com\/radio\/wp-json\/wp\/v2\/media\/31097"}],"wp:attachment":[{"href":"https:\/\/www.uninter.com\/radio\/wp-json\/wp\/v2\/media?parent=31890"}],"wp:term":[{"taxonomy":"category","embeddable":true,"href":"https:\/\/www.uninter.com\/radio\/wp-json\/wp\/v2\/categories?post=31890"},{"taxonomy":"post_tag","embeddable":true,"href":"https:\/\/www.uninter.com\/radio\/wp-json\/wp\/v2\/tags?post=31890"}],"curies":[{"name":"wp","href":"https:\/\/api.w.org\/{rel}","templated":true}]}}