{"id":31884,"date":"2021-08-02T18:33:21","date_gmt":"2021-08-02T21:33:21","guid":{"rendered":"https:\/\/www.uninter.com\/radio\/?p=31884"},"modified":"2021-08-02T18:33:21","modified_gmt":"2021-08-02T21:33:21","slug":"conversa-com-o-reitor-59","status":"publish","type":"post","link":"https:\/\/www.uninter.com\/radio\/conversa-com-o-reitor-59","title":{"rendered":"Conversa com o Reitor #59"},"content":{"rendered":"<div dir=\"auto\">Finalizando a nossa s\u00e9rie sobre as a\u00e7\u00f5es e novidades das Escolas Superiores da Uninter, Benhur Gaio recebe no Conversa com o Reitor desta sexta-feira (30\/07) Tom Conte (Diretor da Escola Polit\u00e9cnica) e Nelson Castanheira (pr\u00f3-reitor de P\u00f3s-gradua\u00e7\u00e3o, Pesquisa e Extens\u00e3o).<\/div>\n<div dir=\"auto\"><\/div>\n<!--[if lt IE 9]><script>document.createElement('audio');<\/script><![endif]-->\n<audio class=\"wp-audio-shortcode\" id=\"audio-31884-1\" preload=\"none\" style=\"width: 100%;\" controls=\"controls\"><source type=\"audio\/mpeg\" src=\"https:\/\/www.uninter.com\/radio\/wp-content\/uploads\/2021\/08\/conversa-com-o-reitor-30_07_2021_mixagem.mp3?_=1\" \/><a href=\"https:\/\/www.uninter.com\/radio\/wp-content\/uploads\/2021\/08\/conversa-com-o-reitor-30_07_2021_mixagem.mp3\">https:\/\/www.uninter.com\/radio\/wp-content\/uploads\/2021\/08\/conversa-com-o-reitor-30_07_2021_mixagem.mp3<\/a><\/audio>\n","protected":false},"excerpt":{"rendered":"<p>Finalizando a nossa s\u00e9rie sobre as a\u00e7\u00f5es e novidades das Escolas Superiores da Uninter, Benhur&#8230;<\/p>\n","protected":false},"author":3,"featured_media":31088,"comment_status":"open","ping_status":"open","sticky":false,"template":"","format":"standard","meta":[],"categories":[2724],"tags":[],"_links":{"self":[{"href":"https:\/\/www.uninter.com\/radio\/wp-json\/wp\/v2\/posts\/31884"}],"collection":[{"href":"https:\/\/www.uninter.com\/radio\/wp-json\/wp\/v2\/posts"}],"about":[{"href":"https:\/\/www.uninter.com\/radio\/wp-json\/wp\/v2\/types\/post"}],"author":[{"embeddable":true,"href":"https:\/\/www.uninter.com\/radio\/wp-json\/wp\/v2\/users\/3"}],"replies":[{"embeddable":true,"href":"https:\/\/www.uninter.com\/radio\/wp-json\/wp\/v2\/comments?post=31884"}],"version-history":[{"count":1,"href":"https:\/\/www.uninter.com\/radio\/wp-json\/wp\/v2\/posts\/31884\/revisions"}],"predecessor-version":[{"id":31886,"href":"https:\/\/www.uninter.com\/radio\/wp-json\/wp\/v2\/posts\/31884\/revisions\/31886"}],"wp:featuredmedia":[{"embeddable":true,"href":"https:\/\/www.uninter.com\/radio\/wp-json\/wp\/v2\/media\/31088"}],"wp:attachment":[{"href":"https:\/\/www.uninter.com\/radio\/wp-json\/wp\/v2\/media?parent=31884"}],"wp:term":[{"taxonomy":"category","embeddable":true,"href":"https:\/\/www.uninter.com\/radio\/wp-json\/wp\/v2\/categories?post=31884"},{"taxonomy":"post_tag","embeddable":true,"href":"https:\/\/www.uninter.com\/radio\/wp-json\/wp\/v2\/tags?post=31884"}],"curies":[{"name":"wp","href":"https:\/\/api.w.org\/{rel}","templated":true}]}}