{"id":31869,"date":"2021-08-02T18:11:05","date_gmt":"2021-08-02T21:11:05","guid":{"rendered":"https:\/\/www.uninter.com\/radio\/?p=31869"},"modified":"2021-08-02T18:11:05","modified_gmt":"2021-08-02T21:11:05","slug":"humanidades-49","status":"publish","type":"post","link":"https:\/\/www.uninter.com\/radio\/humanidades-49","title":{"rendered":"Humanidades #49"},"content":{"rendered":"<p>Com agravamento da pandemia em 2020, o n\u00famero de pessoas abrigadas pela Funda\u00e7\u00e3o de A\u00e7\u00e3o Social (FAS) de Curitiba aumentou 43% no ano passado, em compara\u00e7\u00e3o ao ano de 2019. Ao longo desta semana na regi\u00e3o sul, a expectativa \u00e9 de frio intenso na regi\u00e3o sul do pa\u00eds, por isso, a preocupa\u00e7\u00e3o aumenta com a ainda mais com a popula\u00e7\u00e3o de rua. Para a conversa recebemos Fabiano Vilaruel &#8211; presidente do FAS, Vanessa Resquetti &#8211; supervisora do N\u00facleo da FAS Matriz,) e Sandra Santos &#8211; professora do curso de Servi\u00e7o Social.<\/p>\n<!--[if lt IE 9]><script>document.createElement('audio');<\/script><![endif]-->\n<audio class=\"wp-audio-shortcode\" id=\"audio-31869-1\" preload=\"none\" style=\"width: 100%;\" controls=\"controls\"><source type=\"audio\/mpeg\" src=\"https:\/\/www.uninter.com\/radio\/wp-content\/uploads\/2021\/08\/humanidades-28_07_2021_mixagem-online-audio-converter.com_.mp3?_=1\" \/><a href=\"https:\/\/www.uninter.com\/radio\/wp-content\/uploads\/2021\/08\/humanidades-28_07_2021_mixagem-online-audio-converter.com_.mp3\">https:\/\/www.uninter.com\/radio\/wp-content\/uploads\/2021\/08\/humanidades-28_07_2021_mixagem-online-audio-converter.com_.mp3<\/a><\/audio>\n","protected":false},"excerpt":{"rendered":"<p>Com agravamento da pandemia em 2020, o n\u00famero de pessoas abrigadas pela Funda\u00e7\u00e3o de A\u00e7\u00e3o&#8230;<\/p>\n","protected":false},"author":3,"featured_media":31146,"comment_status":"open","ping_status":"open","sticky":false,"template":"","format":"standard","meta":[],"categories":[2707],"tags":[],"_links":{"self":[{"href":"https:\/\/www.uninter.com\/radio\/wp-json\/wp\/v2\/posts\/31869"}],"collection":[{"href":"https:\/\/www.uninter.com\/radio\/wp-json\/wp\/v2\/posts"}],"about":[{"href":"https:\/\/www.uninter.com\/radio\/wp-json\/wp\/v2\/types\/post"}],"author":[{"embeddable":true,"href":"https:\/\/www.uninter.com\/radio\/wp-json\/wp\/v2\/users\/3"}],"replies":[{"embeddable":true,"href":"https:\/\/www.uninter.com\/radio\/wp-json\/wp\/v2\/comments?post=31869"}],"version-history":[{"count":1,"href":"https:\/\/www.uninter.com\/radio\/wp-json\/wp\/v2\/posts\/31869\/revisions"}],"predecessor-version":[{"id":31871,"href":"https:\/\/www.uninter.com\/radio\/wp-json\/wp\/v2\/posts\/31869\/revisions\/31871"}],"wp:featuredmedia":[{"embeddable":true,"href":"https:\/\/www.uninter.com\/radio\/wp-json\/wp\/v2\/media\/31146"}],"wp:attachment":[{"href":"https:\/\/www.uninter.com\/radio\/wp-json\/wp\/v2\/media?parent=31869"}],"wp:term":[{"taxonomy":"category","embeddable":true,"href":"https:\/\/www.uninter.com\/radio\/wp-json\/wp\/v2\/categories?post=31869"},{"taxonomy":"post_tag","embeddable":true,"href":"https:\/\/www.uninter.com\/radio\/wp-json\/wp\/v2\/tags?post=31869"}],"curies":[{"name":"wp","href":"https:\/\/api.w.org\/{rel}","templated":true}]}}