{"id":31835,"date":"2021-07-26T16:46:41","date_gmt":"2021-07-26T19:46:41","guid":{"rendered":"https:\/\/www.uninter.com\/radio\/?p=31835"},"modified":"2021-07-26T16:46:41","modified_gmt":"2021-07-26T19:46:41","slug":"conversa-com-o-reitor-58","status":"publish","type":"post","link":"https:\/\/www.uninter.com\/radio\/conversa-com-o-reitor-58","title":{"rendered":"Conversa com o Reitor #58"},"content":{"rendered":"<p>Acompanhe mais um epis\u00f3dio da s\u00e9rie sobre as Escolas Superiores no Conversa com o Reitor.<\/p>\n<p>Dessa vez, voc\u00ea fica por dentro das novidades com Thereza Cristina de Souza Lima (Diretora da Escola Superior de L\u00ednguas (ESLI), e Elton Schneider (Diretor da Escola de Gest\u00e3o, Comunica\u00e7\u00e3o e Neg\u00f3cios).<\/p>\n<!--[if lt IE 9]><script>document.createElement('audio');<\/script><![endif]-->\n<audio class=\"wp-audio-shortcode\" id=\"audio-31835-1\" preload=\"none\" style=\"width: 100%;\" controls=\"controls\"><source type=\"audio\/mpeg\" src=\"https:\/\/www.uninter.com\/radio\/wp-content\/uploads\/2021\/07\/conversa-com-o-reitor-23_07_2021_mixagem-online-audio-converter.com_.mp3?_=1\" \/><a href=\"https:\/\/www.uninter.com\/radio\/wp-content\/uploads\/2021\/07\/conversa-com-o-reitor-23_07_2021_mixagem-online-audio-converter.com_.mp3\">https:\/\/www.uninter.com\/radio\/wp-content\/uploads\/2021\/07\/conversa-com-o-reitor-23_07_2021_mixagem-online-audio-converter.com_.mp3<\/a><\/audio>\n","protected":false},"excerpt":{"rendered":"<p>Acompanhe mais um epis\u00f3dio da s\u00e9rie sobre as Escolas Superiores no Conversa com o Reitor&#8230;.<\/p>\n","protected":false},"author":3,"featured_media":31088,"comment_status":"open","ping_status":"open","sticky":false,"template":"","format":"standard","meta":[],"categories":[2724],"tags":[],"_links":{"self":[{"href":"https:\/\/www.uninter.com\/radio\/wp-json\/wp\/v2\/posts\/31835"}],"collection":[{"href":"https:\/\/www.uninter.com\/radio\/wp-json\/wp\/v2\/posts"}],"about":[{"href":"https:\/\/www.uninter.com\/radio\/wp-json\/wp\/v2\/types\/post"}],"author":[{"embeddable":true,"href":"https:\/\/www.uninter.com\/radio\/wp-json\/wp\/v2\/users\/3"}],"replies":[{"embeddable":true,"href":"https:\/\/www.uninter.com\/radio\/wp-json\/wp\/v2\/comments?post=31835"}],"version-history":[{"count":1,"href":"https:\/\/www.uninter.com\/radio\/wp-json\/wp\/v2\/posts\/31835\/revisions"}],"predecessor-version":[{"id":31837,"href":"https:\/\/www.uninter.com\/radio\/wp-json\/wp\/v2\/posts\/31835\/revisions\/31837"}],"wp:featuredmedia":[{"embeddable":true,"href":"https:\/\/www.uninter.com\/radio\/wp-json\/wp\/v2\/media\/31088"}],"wp:attachment":[{"href":"https:\/\/www.uninter.com\/radio\/wp-json\/wp\/v2\/media?parent=31835"}],"wp:term":[{"taxonomy":"category","embeddable":true,"href":"https:\/\/www.uninter.com\/radio\/wp-json\/wp\/v2\/categories?post=31835"},{"taxonomy":"post_tag","embeddable":true,"href":"https:\/\/www.uninter.com\/radio\/wp-json\/wp\/v2\/tags?post=31835"}],"curies":[{"name":"wp","href":"https:\/\/api.w.org\/{rel}","templated":true}]}}