{"id":31806,"date":"2021-07-26T14:33:58","date_gmt":"2021-07-26T17:33:58","guid":{"rendered":"https:\/\/www.uninter.com\/radio\/?p=31806"},"modified":"2021-07-26T14:33:58","modified_gmt":"2021-07-26T17:33:58","slug":"conheca-seu-direito-32","status":"publish","type":"post","link":"https:\/\/www.uninter.com\/radio\/conheca-seu-direito-32","title":{"rendered":"Conhe\u00e7a seu Direito #32"},"content":{"rendered":"<p>Com certeza voc\u00ea j\u00e1 deve ter ouvido falar na LGPD, que \u00e9 a Lei Geral de Prote\u00e7\u00e3o de Dados, e o Conhe\u00e7a seu Direito fala sobre este assunto.<\/p>\n<p>&#8220;San\u00e7\u00f5es Administrativas da LGPD&#8221; \u00e9 o foco do nosso debate e para isso, recebemos a convidada Daniele Polati Farinhas, advogada especialista e como sempre, contamos com a presen\u00e7a dos professores Silvano Alcantara, Prisicilla Bortolotto e Jennifer Manfrin.<\/p>\n<!--[if lt IE 9]><script>document.createElement('audio');<\/script><![endif]-->\n<audio class=\"wp-audio-shortcode\" id=\"audio-31806-1\" preload=\"none\" style=\"width: 100%;\" controls=\"controls\"><source type=\"audio\/mpeg\" src=\"https:\/\/www.uninter.com\/radio\/wp-content\/uploads\/2021\/07\/conhe\u00e7a-seu-direito-19_07_2021_mixagem.mp3?_=1\" \/><a href=\"https:\/\/www.uninter.com\/radio\/wp-content\/uploads\/2021\/07\/conhe\u00e7a-seu-direito-19_07_2021_mixagem.mp3\">https:\/\/www.uninter.com\/radio\/wp-content\/uploads\/2021\/07\/conhe\u00e7a-seu-direito-19_07_2021_mixagem.mp3<\/a><\/audio>\n","protected":false},"excerpt":{"rendered":"<p>Com certeza voc\u00ea j\u00e1 deve ter ouvido falar na LGPD, que \u00e9 a Lei Geral&#8230;<\/p>\n","protected":false},"author":3,"featured_media":31155,"comment_status":"open","ping_status":"open","sticky":false,"template":"","format":"standard","meta":[],"categories":[2703],"tags":[],"_links":{"self":[{"href":"https:\/\/www.uninter.com\/radio\/wp-json\/wp\/v2\/posts\/31806"}],"collection":[{"href":"https:\/\/www.uninter.com\/radio\/wp-json\/wp\/v2\/posts"}],"about":[{"href":"https:\/\/www.uninter.com\/radio\/wp-json\/wp\/v2\/types\/post"}],"author":[{"embeddable":true,"href":"https:\/\/www.uninter.com\/radio\/wp-json\/wp\/v2\/users\/3"}],"replies":[{"embeddable":true,"href":"https:\/\/www.uninter.com\/radio\/wp-json\/wp\/v2\/comments?post=31806"}],"version-history":[{"count":1,"href":"https:\/\/www.uninter.com\/radio\/wp-json\/wp\/v2\/posts\/31806\/revisions"}],"predecessor-version":[{"id":31808,"href":"https:\/\/www.uninter.com\/radio\/wp-json\/wp\/v2\/posts\/31806\/revisions\/31808"}],"wp:featuredmedia":[{"embeddable":true,"href":"https:\/\/www.uninter.com\/radio\/wp-json\/wp\/v2\/media\/31155"}],"wp:attachment":[{"href":"https:\/\/www.uninter.com\/radio\/wp-json\/wp\/v2\/media?parent=31806"}],"wp:term":[{"taxonomy":"category","embeddable":true,"href":"https:\/\/www.uninter.com\/radio\/wp-json\/wp\/v2\/categories?post=31806"},{"taxonomy":"post_tag","embeddable":true,"href":"https:\/\/www.uninter.com\/radio\/wp-json\/wp\/v2\/tags?post=31806"}],"curies":[{"name":"wp","href":"https:\/\/api.w.org\/{rel}","templated":true}]}}