{"id":31803,"date":"2021-07-26T14:31:30","date_gmt":"2021-07-26T17:31:30","guid":{"rendered":"https:\/\/www.uninter.com\/radio\/?p=31803"},"modified":"2021-07-26T14:35:06","modified_gmt":"2021-07-26T17:35:06","slug":"talento-em-foco-53","status":"publish","type":"post","link":"https:\/\/www.uninter.com\/radio\/talento-em-foco-53","title":{"rendered":"Talento em Foco #53"},"content":{"rendered":"<p>Cada gera\u00e7\u00e3o tem a sua peculiaridade, e aprender a lidar com as diferen\u00e7as \u00e9 essencial para um bom relacionamento em qualquer ambiente.<\/p>\n<p>Neste epis\u00f3dio do Talento em Foco falamos sobre &#8220;Relacionamento profissional entre as diferentes gera\u00e7\u00f5es&#8221;, e para a conversa, recebemos a psic\u00f3loga e professora, Jocely Burda.<\/p>\n<p>O ep conta com a apresenta\u00e7\u00e3o de Barbara Carvalho e Evandro Tosin.<\/p>\n<!--[if lt IE 9]><script>document.createElement('audio');<\/script><![endif]-->\n<audio class=\"wp-audio-shortcode\" id=\"audio-31803-1\" preload=\"none\" style=\"width: 100%;\" controls=\"controls\"><source type=\"audio\/mpeg\" src=\"https:\/\/www.uninter.com\/radio\/wp-content\/uploads\/2021\/07\/talento-em-foco-19_07_2021_mixagem.mp3?_=1\" \/><a href=\"https:\/\/www.uninter.com\/radio\/wp-content\/uploads\/2021\/07\/talento-em-foco-19_07_2021_mixagem.mp3\">https:\/\/www.uninter.com\/radio\/wp-content\/uploads\/2021\/07\/talento-em-foco-19_07_2021_mixagem.mp3<\/a><\/audio>\n","protected":false},"excerpt":{"rendered":"<p>Cada gera\u00e7\u00e3o tem a sua peculiaridade, e aprender a lidar com as diferen\u00e7as \u00e9 essencial&#8230;<\/p>\n","protected":false},"author":3,"featured_media":31128,"comment_status":"open","ping_status":"open","sticky":false,"template":"","format":"standard","meta":[],"categories":[2723],"tags":[],"_links":{"self":[{"href":"https:\/\/www.uninter.com\/radio\/wp-json\/wp\/v2\/posts\/31803"}],"collection":[{"href":"https:\/\/www.uninter.com\/radio\/wp-json\/wp\/v2\/posts"}],"about":[{"href":"https:\/\/www.uninter.com\/radio\/wp-json\/wp\/v2\/types\/post"}],"author":[{"embeddable":true,"href":"https:\/\/www.uninter.com\/radio\/wp-json\/wp\/v2\/users\/3"}],"replies":[{"embeddable":true,"href":"https:\/\/www.uninter.com\/radio\/wp-json\/wp\/v2\/comments?post=31803"}],"version-history":[{"count":1,"href":"https:\/\/www.uninter.com\/radio\/wp-json\/wp\/v2\/posts\/31803\/revisions"}],"predecessor-version":[{"id":31805,"href":"https:\/\/www.uninter.com\/radio\/wp-json\/wp\/v2\/posts\/31803\/revisions\/31805"}],"wp:featuredmedia":[{"embeddable":true,"href":"https:\/\/www.uninter.com\/radio\/wp-json\/wp\/v2\/media\/31128"}],"wp:attachment":[{"href":"https:\/\/www.uninter.com\/radio\/wp-json\/wp\/v2\/media?parent=31803"}],"wp:term":[{"taxonomy":"category","embeddable":true,"href":"https:\/\/www.uninter.com\/radio\/wp-json\/wp\/v2\/categories?post=31803"},{"taxonomy":"post_tag","embeddable":true,"href":"https:\/\/www.uninter.com\/radio\/wp-json\/wp\/v2\/tags?post=31803"}],"curies":[{"name":"wp","href":"https:\/\/api.w.org\/{rel}","templated":true}]}}