{"id":31775,"date":"2021-07-22T09:39:38","date_gmt":"2021-07-22T12:39:38","guid":{"rendered":"https:\/\/www.uninter.com\/radio\/?p=31775"},"modified":"2021-07-22T09:39:38","modified_gmt":"2021-07-22T12:39:38","slug":"fato-ruptura-1","status":"publish","type":"post","link":"https:\/\/www.uninter.com\/radio\/fato-ruptura-1","title":{"rendered":"Fato-ruptura #1"},"content":{"rendered":"<div dir=\"auto\">A partir de agora voc\u00ea pode acompanhar o novo programa da R\u00e1dio Uninter, Fato-Ruptura, o programa que analisa e debate o que mais marcou a semana e rompeu com a normalidade dos acontecimentos no Brasil e no mundo.<\/div>\n<div dir=\"auto\">Para a estreia vamos analisar a situa\u00e7\u00e3o atual dos protestos de Cuba, a origem e o destino de suas manifesta\u00e7\u00f5es.<\/div>\n<div dir=\"auto\">A conversa \u00e9 com Mauri K\u00f6nig, Arthur Salles e Andr\u00e9 Frota.<\/div>\n<!--[if lt IE 9]><script>document.createElement('audio');<\/script><![endif]-->\n<audio class=\"wp-audio-shortcode\" id=\"audio-31775-1\" preload=\"none\" style=\"width: 100%;\" controls=\"controls\"><source type=\"audio\/mpeg\" src=\"https:\/\/www.uninter.com\/radio\/wp-content\/uploads\/2021\/07\/fato-ruptura-16_07_2021_mixagem.mp3?_=1\" \/><a href=\"https:\/\/www.uninter.com\/radio\/wp-content\/uploads\/2021\/07\/fato-ruptura-16_07_2021_mixagem.mp3\">https:\/\/www.uninter.com\/radio\/wp-content\/uploads\/2021\/07\/fato-ruptura-16_07_2021_mixagem.mp3<\/a><\/audio>\n","protected":false},"excerpt":{"rendered":"<p>A partir de agora voc\u00ea pode acompanhar o novo programa da R\u00e1dio Uninter, Fato-Ruptura, o&#8230;<\/p>\n","protected":false},"author":3,"featured_media":31776,"comment_status":"open","ping_status":"open","sticky":false,"template":"","format":"standard","meta":[],"categories":[2774],"tags":[],"_links":{"self":[{"href":"https:\/\/www.uninter.com\/radio\/wp-json\/wp\/v2\/posts\/31775"}],"collection":[{"href":"https:\/\/www.uninter.com\/radio\/wp-json\/wp\/v2\/posts"}],"about":[{"href":"https:\/\/www.uninter.com\/radio\/wp-json\/wp\/v2\/types\/post"}],"author":[{"embeddable":true,"href":"https:\/\/www.uninter.com\/radio\/wp-json\/wp\/v2\/users\/3"}],"replies":[{"embeddable":true,"href":"https:\/\/www.uninter.com\/radio\/wp-json\/wp\/v2\/comments?post=31775"}],"version-history":[{"count":1,"href":"https:\/\/www.uninter.com\/radio\/wp-json\/wp\/v2\/posts\/31775\/revisions"}],"predecessor-version":[{"id":31778,"href":"https:\/\/www.uninter.com\/radio\/wp-json\/wp\/v2\/posts\/31775\/revisions\/31778"}],"wp:featuredmedia":[{"embeddable":true,"href":"https:\/\/www.uninter.com\/radio\/wp-json\/wp\/v2\/media\/31776"}],"wp:attachment":[{"href":"https:\/\/www.uninter.com\/radio\/wp-json\/wp\/v2\/media?parent=31775"}],"wp:term":[{"taxonomy":"category","embeddable":true,"href":"https:\/\/www.uninter.com\/radio\/wp-json\/wp\/v2\/categories?post=31775"},{"taxonomy":"post_tag","embeddable":true,"href":"https:\/\/www.uninter.com\/radio\/wp-json\/wp\/v2\/tags?post=31775"}],"curies":[{"name":"wp","href":"https:\/\/api.w.org\/{rel}","templated":true}]}}