{"id":31771,"date":"2021-07-22T09:34:59","date_gmt":"2021-07-22T12:34:59","guid":{"rendered":"https:\/\/www.uninter.com\/radio\/?p=31771"},"modified":"2021-07-22T09:34:59","modified_gmt":"2021-07-22T12:34:59","slug":"conversa-com-o-reitor-57","status":"publish","type":"post","link":"https:\/\/www.uninter.com\/radio\/conversa-com-o-reitor-57","title":{"rendered":"Conversa com o Reitor #57"},"content":{"rendered":"<div dir=\"auto\">Continuando a s\u00e9rie sobre as Escolas Superiores da Uninter, o Conversa com o Reitor desta te conta as novidades da Escola de Gest\u00e3o P\u00fablica, Pol\u00edtica, Jur\u00eddica e Seguran\u00e7a, e tamb\u00e9m da Escola de Cursos T\u00e9cnicos (UninterTech).<\/div>\n<div dir=\"auto\">Para este bate-papo, Benhur Gaio recebe seus diretores D\u00e9bora Cristina Veneral e Marlus Humberto Geronasso.<\/div>\n<!--[if lt IE 9]><script>document.createElement('audio');<\/script><![endif]-->\n<audio class=\"wp-audio-shortcode\" id=\"audio-31771-1\" preload=\"none\" style=\"width: 100%;\" controls=\"controls\"><source type=\"audio\/mpeg\" src=\"https:\/\/www.uninter.com\/radio\/wp-content\/uploads\/2021\/07\/conversa-com-o-reitor-16_07_2021_mixagem.mp3?_=1\" \/><a href=\"https:\/\/www.uninter.com\/radio\/wp-content\/uploads\/2021\/07\/conversa-com-o-reitor-16_07_2021_mixagem.mp3\">https:\/\/www.uninter.com\/radio\/wp-content\/uploads\/2021\/07\/conversa-com-o-reitor-16_07_2021_mixagem.mp3<\/a><\/audio>\n","protected":false},"excerpt":{"rendered":"<p>Continuando a s\u00e9rie sobre as Escolas Superiores da Uninter, o Conversa com o Reitor desta&#8230;<\/p>\n","protected":false},"author":3,"featured_media":31088,"comment_status":"open","ping_status":"open","sticky":false,"template":"","format":"standard","meta":[],"categories":[2724],"tags":[],"_links":{"self":[{"href":"https:\/\/www.uninter.com\/radio\/wp-json\/wp\/v2\/posts\/31771"}],"collection":[{"href":"https:\/\/www.uninter.com\/radio\/wp-json\/wp\/v2\/posts"}],"about":[{"href":"https:\/\/www.uninter.com\/radio\/wp-json\/wp\/v2\/types\/post"}],"author":[{"embeddable":true,"href":"https:\/\/www.uninter.com\/radio\/wp-json\/wp\/v2\/users\/3"}],"replies":[{"embeddable":true,"href":"https:\/\/www.uninter.com\/radio\/wp-json\/wp\/v2\/comments?post=31771"}],"version-history":[{"count":1,"href":"https:\/\/www.uninter.com\/radio\/wp-json\/wp\/v2\/posts\/31771\/revisions"}],"predecessor-version":[{"id":31773,"href":"https:\/\/www.uninter.com\/radio\/wp-json\/wp\/v2\/posts\/31771\/revisions\/31773"}],"wp:featuredmedia":[{"embeddable":true,"href":"https:\/\/www.uninter.com\/radio\/wp-json\/wp\/v2\/media\/31088"}],"wp:attachment":[{"href":"https:\/\/www.uninter.com\/radio\/wp-json\/wp\/v2\/media?parent=31771"}],"wp:term":[{"taxonomy":"category","embeddable":true,"href":"https:\/\/www.uninter.com\/radio\/wp-json\/wp\/v2\/categories?post=31771"},{"taxonomy":"post_tag","embeddable":true,"href":"https:\/\/www.uninter.com\/radio\/wp-json\/wp\/v2\/tags?post=31771"}],"curies":[{"name":"wp","href":"https:\/\/api.w.org\/{rel}","templated":true}]}}