{"id":31759,"date":"2021-07-22T09:21:37","date_gmt":"2021-07-22T12:21:37","guid":{"rendered":"https:\/\/www.uninter.com\/radio\/?p=31759"},"modified":"2021-07-22T09:21:37","modified_gmt":"2021-07-22T12:21:37","slug":"hipermidia-12","status":"publish","type":"post","link":"https:\/\/www.uninter.com\/radio\/hipermidia-12","title":{"rendered":"Hiperm\u00eddia #12"},"content":{"rendered":"<div dir=\"auto\">O Hiperm\u00eddia recebe o professor e coordenador de Jornalismo, Guilherme Carvalho, para falar sobre as novas pr\u00e1ticas dos profissionais de imprensa.<\/div>\n<div dir=\"auto\">A apresenta\u00e7\u00e3o \u00e9 dos professores da P\u00f3s-gradua\u00e7\u00e3o em Comunica\u00e7\u00e3o da Uninter Cl\u00f3vis Teixeira Filho e Edna Chimenes.<\/div>\n<!--[if lt IE 9]><script>document.createElement('audio');<\/script><![endif]-->\n<audio class=\"wp-audio-shortcode\" id=\"audio-31759-1\" preload=\"none\" style=\"width: 100%;\" controls=\"controls\"><source type=\"audio\/mpeg\" src=\"https:\/\/www.uninter.com\/radio\/wp-content\/uploads\/2021\/07\/hipermidia-14_07_2021_mixagem.mp3?_=1\" \/><a href=\"https:\/\/www.uninter.com\/radio\/wp-content\/uploads\/2021\/07\/hipermidia-14_07_2021_mixagem.mp3\">https:\/\/www.uninter.com\/radio\/wp-content\/uploads\/2021\/07\/hipermidia-14_07_2021_mixagem.mp3<\/a><\/audio>\n","protected":false},"excerpt":{"rendered":"<p>O Hiperm\u00eddia recebe o professor e coordenador de Jornalismo, Guilherme Carvalho, para falar sobre as&#8230;<\/p>\n","protected":false},"author":3,"featured_media":30573,"comment_status":"open","ping_status":"open","sticky":false,"template":"","format":"standard","meta":[],"categories":[2765],"tags":[],"_links":{"self":[{"href":"https:\/\/www.uninter.com\/radio\/wp-json\/wp\/v2\/posts\/31759"}],"collection":[{"href":"https:\/\/www.uninter.com\/radio\/wp-json\/wp\/v2\/posts"}],"about":[{"href":"https:\/\/www.uninter.com\/radio\/wp-json\/wp\/v2\/types\/post"}],"author":[{"embeddable":true,"href":"https:\/\/www.uninter.com\/radio\/wp-json\/wp\/v2\/users\/3"}],"replies":[{"embeddable":true,"href":"https:\/\/www.uninter.com\/radio\/wp-json\/wp\/v2\/comments?post=31759"}],"version-history":[{"count":1,"href":"https:\/\/www.uninter.com\/radio\/wp-json\/wp\/v2\/posts\/31759\/revisions"}],"predecessor-version":[{"id":31761,"href":"https:\/\/www.uninter.com\/radio\/wp-json\/wp\/v2\/posts\/31759\/revisions\/31761"}],"wp:featuredmedia":[{"embeddable":true,"href":"https:\/\/www.uninter.com\/radio\/wp-json\/wp\/v2\/media\/30573"}],"wp:attachment":[{"href":"https:\/\/www.uninter.com\/radio\/wp-json\/wp\/v2\/media?parent=31759"}],"wp:term":[{"taxonomy":"category","embeddable":true,"href":"https:\/\/www.uninter.com\/radio\/wp-json\/wp\/v2\/categories?post=31759"},{"taxonomy":"post_tag","embeddable":true,"href":"https:\/\/www.uninter.com\/radio\/wp-json\/wp\/v2\/tags?post=31759"}],"curies":[{"name":"wp","href":"https:\/\/api.w.org\/{rel}","templated":true}]}}