{"id":31756,"date":"2021-07-22T09:19:43","date_gmt":"2021-07-22T12:19:43","guid":{"rendered":"https:\/\/www.uninter.com\/radio\/?p=31756"},"modified":"2021-07-22T09:19:43","modified_gmt":"2021-07-22T12:19:43","slug":"art-cultura-2-dia-mundial-do-rock","status":"publish","type":"post","link":"https:\/\/www.uninter.com\/radio\/art-cultura-2-dia-mundial-do-rock","title":{"rendered":"Art&#038; Cultura #2 &#8211; Dia mundial do Rock"},"content":{"rendered":"<div dir=\"auto\">No dia 13 de julho comemoramos o Dia Mundial do Rock, mas esse n\u00e3o \u00e9 somente um estilo musical!<\/div>\n<div dir=\"auto\">No Art&amp; Cultura\u00a0falamos sobre suas vertentes, curiosidades e muito mais, e para agregar a conversa, recebemos algu\u00e9m que tem muita hist\u00f3ria para contar sobre isso, o professor e m\u00fasico, Ot\u00e1cilio Vaz.<\/div>\n<!--[if lt IE 9]><script>document.createElement('audio');<\/script><![endif]-->\n<audio class=\"wp-audio-shortcode\" id=\"audio-31756-1\" preload=\"none\" style=\"width: 100%;\" controls=\"controls\"><source type=\"audio\/mpeg\" src=\"https:\/\/www.uninter.com\/radio\/wp-content\/uploads\/2021\/07\/arte-cultura-14_07_2021_mixagem.mp3?_=1\" \/><a href=\"https:\/\/www.uninter.com\/radio\/wp-content\/uploads\/2021\/07\/arte-cultura-14_07_2021_mixagem.mp3\">https:\/\/www.uninter.com\/radio\/wp-content\/uploads\/2021\/07\/arte-cultura-14_07_2021_mixagem.mp3<\/a><\/audio>\n","protected":false},"excerpt":{"rendered":"<p>No dia 13 de julho comemoramos o Dia Mundial do Rock, mas esse n\u00e3o \u00e9&#8230;<\/p>\n","protected":false},"author":3,"featured_media":31653,"comment_status":"open","ping_status":"open","sticky":false,"template":"","format":"standard","meta":[],"categories":[2773],"tags":[],"_links":{"self":[{"href":"https:\/\/www.uninter.com\/radio\/wp-json\/wp\/v2\/posts\/31756"}],"collection":[{"href":"https:\/\/www.uninter.com\/radio\/wp-json\/wp\/v2\/posts"}],"about":[{"href":"https:\/\/www.uninter.com\/radio\/wp-json\/wp\/v2\/types\/post"}],"author":[{"embeddable":true,"href":"https:\/\/www.uninter.com\/radio\/wp-json\/wp\/v2\/users\/3"}],"replies":[{"embeddable":true,"href":"https:\/\/www.uninter.com\/radio\/wp-json\/wp\/v2\/comments?post=31756"}],"version-history":[{"count":1,"href":"https:\/\/www.uninter.com\/radio\/wp-json\/wp\/v2\/posts\/31756\/revisions"}],"predecessor-version":[{"id":31758,"href":"https:\/\/www.uninter.com\/radio\/wp-json\/wp\/v2\/posts\/31756\/revisions\/31758"}],"wp:featuredmedia":[{"embeddable":true,"href":"https:\/\/www.uninter.com\/radio\/wp-json\/wp\/v2\/media\/31653"}],"wp:attachment":[{"href":"https:\/\/www.uninter.com\/radio\/wp-json\/wp\/v2\/media?parent=31756"}],"wp:term":[{"taxonomy":"category","embeddable":true,"href":"https:\/\/www.uninter.com\/radio\/wp-json\/wp\/v2\/categories?post=31756"},{"taxonomy":"post_tag","embeddable":true,"href":"https:\/\/www.uninter.com\/radio\/wp-json\/wp\/v2\/tags?post=31756"}],"curies":[{"name":"wp","href":"https:\/\/api.w.org\/{rel}","templated":true}]}}