{"id":31732,"date":"2021-07-22T09:01:41","date_gmt":"2021-07-22T12:01:41","guid":{"rendered":"https:\/\/www.uninter.com\/radio\/?p=31732"},"modified":"2021-07-22T09:01:41","modified_gmt":"2021-07-22T12:01:41","slug":"talento-em-foco-52","status":"publish","type":"post","link":"https:\/\/www.uninter.com\/radio\/talento-em-foco-52","title":{"rendered":"Talento em Foco #52"},"content":{"rendered":"<div dir=\"auto\">Hoje, as redes sociais fazem parte da vida de quase todas as pessoas, e no Talento em Foco vamos fazer uma compara\u00e7\u00e3o de como os Millennials e a Gera\u00e7\u00e3o Z se comportam no seu uso.<\/div>\n<div dir=\"auto\">Para a conversa n\u00f3s recebemos a professora e especialista Maria Carolina Avis.<\/div>\n<!--[if lt IE 9]><script>document.createElement('audio');<\/script><![endif]-->\n<audio class=\"wp-audio-shortcode\" id=\"audio-31732-1\" preload=\"none\" style=\"width: 100%;\" controls=\"controls\"><source type=\"audio\/mpeg\" src=\"https:\/\/www.uninter.com\/radio\/wp-content\/uploads\/2021\/07\/talento-em-foco-12_07_2021_mixagem.mp3?_=1\" \/><a href=\"https:\/\/www.uninter.com\/radio\/wp-content\/uploads\/2021\/07\/talento-em-foco-12_07_2021_mixagem.mp3\">https:\/\/www.uninter.com\/radio\/wp-content\/uploads\/2021\/07\/talento-em-foco-12_07_2021_mixagem.mp3<\/a><\/audio>\n","protected":false},"excerpt":{"rendered":"<p>Hoje, as redes sociais fazem parte da vida de quase todas as pessoas, e no&#8230;<\/p>\n","protected":false},"author":3,"featured_media":31128,"comment_status":"open","ping_status":"open","sticky":false,"template":"","format":"standard","meta":[],"categories":[2723],"tags":[],"_links":{"self":[{"href":"https:\/\/www.uninter.com\/radio\/wp-json\/wp\/v2\/posts\/31732"}],"collection":[{"href":"https:\/\/www.uninter.com\/radio\/wp-json\/wp\/v2\/posts"}],"about":[{"href":"https:\/\/www.uninter.com\/radio\/wp-json\/wp\/v2\/types\/post"}],"author":[{"embeddable":true,"href":"https:\/\/www.uninter.com\/radio\/wp-json\/wp\/v2\/users\/3"}],"replies":[{"embeddable":true,"href":"https:\/\/www.uninter.com\/radio\/wp-json\/wp\/v2\/comments?post=31732"}],"version-history":[{"count":1,"href":"https:\/\/www.uninter.com\/radio\/wp-json\/wp\/v2\/posts\/31732\/revisions"}],"predecessor-version":[{"id":31734,"href":"https:\/\/www.uninter.com\/radio\/wp-json\/wp\/v2\/posts\/31732\/revisions\/31734"}],"wp:featuredmedia":[{"embeddable":true,"href":"https:\/\/www.uninter.com\/radio\/wp-json\/wp\/v2\/media\/31128"}],"wp:attachment":[{"href":"https:\/\/www.uninter.com\/radio\/wp-json\/wp\/v2\/media?parent=31732"}],"wp:term":[{"taxonomy":"category","embeddable":true,"href":"https:\/\/www.uninter.com\/radio\/wp-json\/wp\/v2\/categories?post=31732"},{"taxonomy":"post_tag","embeddable":true,"href":"https:\/\/www.uninter.com\/radio\/wp-json\/wp\/v2\/tags?post=31732"}],"curies":[{"name":"wp","href":"https:\/\/api.w.org\/{rel}","templated":true}]}}