{"id":31707,"date":"2021-07-13T10:18:54","date_gmt":"2021-07-13T13:18:54","guid":{"rendered":"https:\/\/www.uninter.com\/radio\/?p=31707"},"modified":"2021-07-13T10:18:54","modified_gmt":"2021-07-13T13:18:54","slug":"memoria-viva-65","status":"publish","type":"post","link":"https:\/\/www.uninter.com\/radio\/memoria-viva-65","title":{"rendered":"Mem\u00f3ria Viva #65"},"content":{"rendered":"<div dir=\"auto\">Nesta edi\u00e7\u00e3o do programa Mem\u00f3ria Viva voc\u00ea conhecer a hist\u00f3ria de Oriana Gaio, ela \u00e9 professora e coordenadora de p\u00f3s-gradua\u00e7\u00e3o aqui da Uninter<\/div>\n<div dir=\"auto\">Acompanhe.<\/div>\n<!--[if lt IE 9]><script>document.createElement('audio');<\/script><![endif]-->\n<audio class=\"wp-audio-shortcode\" id=\"audio-31707-1\" preload=\"none\" style=\"width: 100%;\" controls=\"controls\"><source type=\"audio\/mpeg\" src=\"https:\/\/www.uninter.com\/radio\/wp-content\/uploads\/2021\/07\/memoria-viva-08_07_2021_mixagem.mp3?_=1\" \/><a href=\"https:\/\/www.uninter.com\/radio\/wp-content\/uploads\/2021\/07\/memoria-viva-08_07_2021_mixagem.mp3\">https:\/\/www.uninter.com\/radio\/wp-content\/uploads\/2021\/07\/memoria-viva-08_07_2021_mixagem.mp3<\/a><\/audio>\n","protected":false},"excerpt":{"rendered":"<p>Nesta edi\u00e7\u00e3o do programa Mem\u00f3ria Viva voc\u00ea conhecer a hist\u00f3ria de Oriana Gaio, ela \u00e9&#8230;<\/p>\n","protected":false},"author":3,"featured_media":31159,"comment_status":"open","ping_status":"open","sticky":false,"template":"","format":"standard","meta":[],"categories":[2712],"tags":[],"_links":{"self":[{"href":"https:\/\/www.uninter.com\/radio\/wp-json\/wp\/v2\/posts\/31707"}],"collection":[{"href":"https:\/\/www.uninter.com\/radio\/wp-json\/wp\/v2\/posts"}],"about":[{"href":"https:\/\/www.uninter.com\/radio\/wp-json\/wp\/v2\/types\/post"}],"author":[{"embeddable":true,"href":"https:\/\/www.uninter.com\/radio\/wp-json\/wp\/v2\/users\/3"}],"replies":[{"embeddable":true,"href":"https:\/\/www.uninter.com\/radio\/wp-json\/wp\/v2\/comments?post=31707"}],"version-history":[{"count":1,"href":"https:\/\/www.uninter.com\/radio\/wp-json\/wp\/v2\/posts\/31707\/revisions"}],"predecessor-version":[{"id":31709,"href":"https:\/\/www.uninter.com\/radio\/wp-json\/wp\/v2\/posts\/31707\/revisions\/31709"}],"wp:featuredmedia":[{"embeddable":true,"href":"https:\/\/www.uninter.com\/radio\/wp-json\/wp\/v2\/media\/31159"}],"wp:attachment":[{"href":"https:\/\/www.uninter.com\/radio\/wp-json\/wp\/v2\/media?parent=31707"}],"wp:term":[{"taxonomy":"category","embeddable":true,"href":"https:\/\/www.uninter.com\/radio\/wp-json\/wp\/v2\/categories?post=31707"},{"taxonomy":"post_tag","embeddable":true,"href":"https:\/\/www.uninter.com\/radio\/wp-json\/wp\/v2\/tags?post=31707"}],"curies":[{"name":"wp","href":"https:\/\/api.w.org\/{rel}","templated":true}]}}