{"id":31686,"date":"2021-07-13T09:59:17","date_gmt":"2021-07-13T12:59:17","guid":{"rendered":"https:\/\/www.uninter.com\/radio\/?p=31686"},"modified":"2021-07-13T09:59:17","modified_gmt":"2021-07-13T12:59:17","slug":"talento-em-foco-51","status":"publish","type":"post","link":"https:\/\/www.uninter.com\/radio\/talento-em-foco-51","title":{"rendered":"Talento em Foco #51"},"content":{"rendered":"<div dir=\"auto\">Voc\u00ea sabe quem s\u00e3o millennials? Este \u00e9 um termo que entrou em voga nas \u00faltimas semanas e no Talento em Foco vamos debater como essa gera\u00e7\u00e3o se comporta nos tempos atuais. A conversa \u00e9 com \u00c9rika Lotz, Evandro Tosin e Barbara Carvalho.<\/div>\n<div dir=\"auto\">Acompanhe.<\/div>\n<!--[if lt IE 9]><script>document.createElement('audio');<\/script><![endif]-->\n<audio class=\"wp-audio-shortcode\" id=\"audio-31686-1\" preload=\"none\" style=\"width: 100%;\" controls=\"controls\"><source type=\"audio\/mpeg\" src=\"https:\/\/www.uninter.com\/radio\/wp-content\/uploads\/2021\/07\/talento-em-foco-05_06_2021_mixagem.mp3?_=1\" \/><a href=\"https:\/\/www.uninter.com\/radio\/wp-content\/uploads\/2021\/07\/talento-em-foco-05_06_2021_mixagem.mp3\">https:\/\/www.uninter.com\/radio\/wp-content\/uploads\/2021\/07\/talento-em-foco-05_06_2021_mixagem.mp3<\/a><\/audio>\n","protected":false},"excerpt":{"rendered":"<p>Voc\u00ea sabe quem s\u00e3o millennials? Este \u00e9 um termo que entrou em voga nas \u00faltimas&#8230;<\/p>\n","protected":false},"author":3,"featured_media":31128,"comment_status":"open","ping_status":"open","sticky":false,"template":"","format":"standard","meta":[],"categories":[2723],"tags":[],"_links":{"self":[{"href":"https:\/\/www.uninter.com\/radio\/wp-json\/wp\/v2\/posts\/31686"}],"collection":[{"href":"https:\/\/www.uninter.com\/radio\/wp-json\/wp\/v2\/posts"}],"about":[{"href":"https:\/\/www.uninter.com\/radio\/wp-json\/wp\/v2\/types\/post"}],"author":[{"embeddable":true,"href":"https:\/\/www.uninter.com\/radio\/wp-json\/wp\/v2\/users\/3"}],"replies":[{"embeddable":true,"href":"https:\/\/www.uninter.com\/radio\/wp-json\/wp\/v2\/comments?post=31686"}],"version-history":[{"count":1,"href":"https:\/\/www.uninter.com\/radio\/wp-json\/wp\/v2\/posts\/31686\/revisions"}],"predecessor-version":[{"id":31688,"href":"https:\/\/www.uninter.com\/radio\/wp-json\/wp\/v2\/posts\/31686\/revisions\/31688"}],"wp:featuredmedia":[{"embeddable":true,"href":"https:\/\/www.uninter.com\/radio\/wp-json\/wp\/v2\/media\/31128"}],"wp:attachment":[{"href":"https:\/\/www.uninter.com\/radio\/wp-json\/wp\/v2\/media?parent=31686"}],"wp:term":[{"taxonomy":"category","embeddable":true,"href":"https:\/\/www.uninter.com\/radio\/wp-json\/wp\/v2\/categories?post=31686"},{"taxonomy":"post_tag","embeddable":true,"href":"https:\/\/www.uninter.com\/radio\/wp-json\/wp\/v2\/tags?post=31686"}],"curies":[{"name":"wp","href":"https:\/\/api.w.org\/{rel}","templated":true}]}}