{"id":31668,"date":"2021-07-06T16:54:39","date_gmt":"2021-07-06T19:54:39","guid":{"rendered":"https:\/\/www.uninter.com\/radio\/?p=31668"},"modified":"2021-07-06T16:54:39","modified_gmt":"2021-07-06T19:54:39","slug":"conversa-com-o-reitor-55","status":"publish","type":"post","link":"https:\/\/www.uninter.com\/radio\/conversa-com-o-reitor-55","title":{"rendered":"Conversa com o Reitor #55"},"content":{"rendered":"<div dir=\"auto\">Desde o in\u00edcio da quarentena, a Uninter estabeleceu diversas medidas a fim de proteger seus colaboradores.<\/div>\n<div dir=\"auto\">&#8220;Boas pr\u00e1ticas da Uninter em combate ao Coronav\u00edrus&#8221; \u00e9 o tema do Conversa com o Reitor e para falar sobre o assunto, Benhur Gaio recebe Joel Ziemann (Gerente de gest\u00e3o de pessoas) e Christiano Affonso (Coordenador de gest\u00e3o de pessoas)<\/div>\n<div dir=\"auto\">Acompanhe.<\/div>\n<!--[if lt IE 9]><script>document.createElement('audio');<\/script><![endif]-->\n<audio class=\"wp-audio-shortcode\" id=\"audio-31668-1\" preload=\"none\" style=\"width: 100%;\" controls=\"controls\"><source type=\"audio\/mpeg\" src=\"https:\/\/www.uninter.com\/radio\/wp-content\/uploads\/2021\/07\/conversa-com-o-reitor-02_07_2021_mixagem.mp3?_=1\" \/><a href=\"https:\/\/www.uninter.com\/radio\/wp-content\/uploads\/2021\/07\/conversa-com-o-reitor-02_07_2021_mixagem.mp3\">https:\/\/www.uninter.com\/radio\/wp-content\/uploads\/2021\/07\/conversa-com-o-reitor-02_07_2021_mixagem.mp3<\/a><\/audio>\n","protected":false},"excerpt":{"rendered":"<p>Desde o in\u00edcio da quarentena, a Uninter estabeleceu diversas medidas a fim de proteger seus&#8230;<\/p>\n","protected":false},"author":3,"featured_media":31088,"comment_status":"open","ping_status":"open","sticky":false,"template":"","format":"standard","meta":[],"categories":[2724],"tags":[],"_links":{"self":[{"href":"https:\/\/www.uninter.com\/radio\/wp-json\/wp\/v2\/posts\/31668"}],"collection":[{"href":"https:\/\/www.uninter.com\/radio\/wp-json\/wp\/v2\/posts"}],"about":[{"href":"https:\/\/www.uninter.com\/radio\/wp-json\/wp\/v2\/types\/post"}],"author":[{"embeddable":true,"href":"https:\/\/www.uninter.com\/radio\/wp-json\/wp\/v2\/users\/3"}],"replies":[{"embeddable":true,"href":"https:\/\/www.uninter.com\/radio\/wp-json\/wp\/v2\/comments?post=31668"}],"version-history":[{"count":1,"href":"https:\/\/www.uninter.com\/radio\/wp-json\/wp\/v2\/posts\/31668\/revisions"}],"predecessor-version":[{"id":31670,"href":"https:\/\/www.uninter.com\/radio\/wp-json\/wp\/v2\/posts\/31668\/revisions\/31670"}],"wp:featuredmedia":[{"embeddable":true,"href":"https:\/\/www.uninter.com\/radio\/wp-json\/wp\/v2\/media\/31088"}],"wp:attachment":[{"href":"https:\/\/www.uninter.com\/radio\/wp-json\/wp\/v2\/media?parent=31668"}],"wp:term":[{"taxonomy":"category","embeddable":true,"href":"https:\/\/www.uninter.com\/radio\/wp-json\/wp\/v2\/categories?post=31668"},{"taxonomy":"post_tag","embeddable":true,"href":"https:\/\/www.uninter.com\/radio\/wp-json\/wp\/v2\/tags?post=31668"}],"curies":[{"name":"wp","href":"https:\/\/api.w.org\/{rel}","templated":true}]}}