{"id":31565,"date":"2021-06-25T12:08:32","date_gmt":"2021-06-25T15:08:32","guid":{"rendered":"https:\/\/www.uninter.com\/radio\/?p=31565"},"modified":"2021-06-25T12:08:32","modified_gmt":"2021-06-25T15:08:32","slug":"transito-e-mobilidade-23","status":"publish","type":"post","link":"https:\/\/www.uninter.com\/radio\/transito-e-mobilidade-23","title":{"rendered":"Tr\u00e2nsito e Mobilidade #23"},"content":{"rendered":"<div dir=\"auto\">Na edi\u00e7\u00e3o da vez do programa Tr\u00e2nsito e Mobilidade vamos conversar sobre a forma\u00e7\u00e3o de condutores.<\/div>\n<div dir=\"auto\">Para isso recebemos Marta Josefina Sambad Berbia, estudante do Curso de Gest\u00e3o do Tr\u00e2nsito e Mobilidade Urbana, al\u00e9m de ser diretora de ensino do Centro de Forma\u00e7\u00e3o de Condutores Volante Z\/L de S\u00e3o Paulo.<\/div>\n<div dir=\"auto\">Acompanhe e participe!<\/div>\n<!--[if lt IE 9]><script>document.createElement('audio');<\/script><![endif]-->\n<audio class=\"wp-audio-shortcode\" id=\"audio-31565-1\" preload=\"none\" style=\"width: 100%;\" controls=\"controls\"><source type=\"audio\/mpeg\" src=\"https:\/\/www.uninter.com\/radio\/wp-content\/uploads\/2021\/06\/transito-e-mobilidade-18_06_2021_mixagem.mp3?_=1\" \/><a href=\"https:\/\/www.uninter.com\/radio\/wp-content\/uploads\/2021\/06\/transito-e-mobilidade-18_06_2021_mixagem.mp3\">https:\/\/www.uninter.com\/radio\/wp-content\/uploads\/2021\/06\/transito-e-mobilidade-18_06_2021_mixagem.mp3<\/a><\/audio>\n","protected":false},"excerpt":{"rendered":"<p>Na edi\u00e7\u00e3o da vez do programa Tr\u00e2nsito e Mobilidade vamos conversar sobre a forma\u00e7\u00e3o de&#8230;<\/p>\n","protected":false},"author":3,"featured_media":31097,"comment_status":"open","ping_status":"open","sticky":false,"template":"","format":"standard","meta":[],"categories":[2718],"tags":[],"_links":{"self":[{"href":"https:\/\/www.uninter.com\/radio\/wp-json\/wp\/v2\/posts\/31565"}],"collection":[{"href":"https:\/\/www.uninter.com\/radio\/wp-json\/wp\/v2\/posts"}],"about":[{"href":"https:\/\/www.uninter.com\/radio\/wp-json\/wp\/v2\/types\/post"}],"author":[{"embeddable":true,"href":"https:\/\/www.uninter.com\/radio\/wp-json\/wp\/v2\/users\/3"}],"replies":[{"embeddable":true,"href":"https:\/\/www.uninter.com\/radio\/wp-json\/wp\/v2\/comments?post=31565"}],"version-history":[{"count":1,"href":"https:\/\/www.uninter.com\/radio\/wp-json\/wp\/v2\/posts\/31565\/revisions"}],"predecessor-version":[{"id":31567,"href":"https:\/\/www.uninter.com\/radio\/wp-json\/wp\/v2\/posts\/31565\/revisions\/31567"}],"wp:featuredmedia":[{"embeddable":true,"href":"https:\/\/www.uninter.com\/radio\/wp-json\/wp\/v2\/media\/31097"}],"wp:attachment":[{"href":"https:\/\/www.uninter.com\/radio\/wp-json\/wp\/v2\/media?parent=31565"}],"wp:term":[{"taxonomy":"category","embeddable":true,"href":"https:\/\/www.uninter.com\/radio\/wp-json\/wp\/v2\/categories?post=31565"},{"taxonomy":"post_tag","embeddable":true,"href":"https:\/\/www.uninter.com\/radio\/wp-json\/wp\/v2\/tags?post=31565"}],"curies":[{"name":"wp","href":"https:\/\/api.w.org\/{rel}","templated":true}]}}