{"id":31559,"date":"2021-06-25T11:55:55","date_gmt":"2021-06-25T14:55:55","guid":{"rendered":"https:\/\/www.uninter.com\/radio\/?p=31559"},"modified":"2021-06-25T11:55:55","modified_gmt":"2021-06-25T14:55:55","slug":"conversa-com-o-reitor-53","status":"publish","type":"post","link":"https:\/\/www.uninter.com\/radio\/conversa-com-o-reitor-53","title":{"rendered":"Conversa com o Reitor #53"},"content":{"rendered":"<div dir=\"auto\">Com o fim do concurso cultural Hist\u00f3rias que Fazem Nossa Hist\u00f3ria, o programa Conversa com o Reitor volta com sua apresenta\u00e7\u00e3o regular.<\/div>\n<div dir=\"auto\">A\u00a0edi\u00e7\u00e3o apresenta as maratonas de conhecimento Uninter, com a presen\u00e7a de alguns dos professores de cada uma das escolas idealizadoras dos \u00faltimos eventos: Sandra Lopes (Maratona das P\u00f3s-Gradua\u00e7\u00f5es), Alessando Castanha (Maratona de Sa\u00fade) e Rodrigo de Cassio da Silva (Maratona de Sustentabilidade).<\/div>\n<div dir=\"auto\">A apresenta\u00e7\u00e3o \u00e9 de nosso reitor, Benhur Gaio.<\/div>\n<div dir=\"auto\">Acompanhe!<\/div>\n<!--[if lt IE 9]><script>document.createElement('audio');<\/script><![endif]-->\n<audio class=\"wp-audio-shortcode\" id=\"audio-31559-1\" preload=\"none\" style=\"width: 100%;\" controls=\"controls\"><source type=\"audio\/mpeg\" src=\"https:\/\/www.uninter.com\/radio\/wp-content\/uploads\/2021\/06\/conversa-com-o-reitor-18_06_2021_mixagem.mp3?_=1\" \/><a href=\"https:\/\/www.uninter.com\/radio\/wp-content\/uploads\/2021\/06\/conversa-com-o-reitor-18_06_2021_mixagem.mp3\">https:\/\/www.uninter.com\/radio\/wp-content\/uploads\/2021\/06\/conversa-com-o-reitor-18_06_2021_mixagem.mp3<\/a><\/audio>\n","protected":false},"excerpt":{"rendered":"<p>Com o fim do concurso cultural Hist\u00f3rias que Fazem Nossa Hist\u00f3ria, o programa Conversa com&#8230;<\/p>\n","protected":false},"author":3,"featured_media":31088,"comment_status":"open","ping_status":"open","sticky":false,"template":"","format":"standard","meta":[],"categories":[2724],"tags":[],"_links":{"self":[{"href":"https:\/\/www.uninter.com\/radio\/wp-json\/wp\/v2\/posts\/31559"}],"collection":[{"href":"https:\/\/www.uninter.com\/radio\/wp-json\/wp\/v2\/posts"}],"about":[{"href":"https:\/\/www.uninter.com\/radio\/wp-json\/wp\/v2\/types\/post"}],"author":[{"embeddable":true,"href":"https:\/\/www.uninter.com\/radio\/wp-json\/wp\/v2\/users\/3"}],"replies":[{"embeddable":true,"href":"https:\/\/www.uninter.com\/radio\/wp-json\/wp\/v2\/comments?post=31559"}],"version-history":[{"count":1,"href":"https:\/\/www.uninter.com\/radio\/wp-json\/wp\/v2\/posts\/31559\/revisions"}],"predecessor-version":[{"id":31561,"href":"https:\/\/www.uninter.com\/radio\/wp-json\/wp\/v2\/posts\/31559\/revisions\/31561"}],"wp:featuredmedia":[{"embeddable":true,"href":"https:\/\/www.uninter.com\/radio\/wp-json\/wp\/v2\/media\/31088"}],"wp:attachment":[{"href":"https:\/\/www.uninter.com\/radio\/wp-json\/wp\/v2\/media?parent=31559"}],"wp:term":[{"taxonomy":"category","embeddable":true,"href":"https:\/\/www.uninter.com\/radio\/wp-json\/wp\/v2\/categories?post=31559"},{"taxonomy":"post_tag","embeddable":true,"href":"https:\/\/www.uninter.com\/radio\/wp-json\/wp\/v2\/tags?post=31559"}],"curies":[{"name":"wp","href":"https:\/\/api.w.org\/{rel}","templated":true}]}}