{"id":31538,"date":"2021-06-25T11:39:28","date_gmt":"2021-06-25T14:39:28","guid":{"rendered":"https:\/\/www.uninter.com\/radio\/?p=31538"},"modified":"2021-06-25T11:39:28","modified_gmt":"2021-06-25T14:39:28","slug":"filosofando-na-rede-5","status":"publish","type":"post","link":"https:\/\/www.uninter.com\/radio\/filosofando-na-rede-5","title":{"rendered":"Filosofando na Rede #5"},"content":{"rendered":"<div dir=\"auto\">Por que devemos falar sobre liberdade de express\u00e3o e do politicamente correto? Este \u00e9 o tema do Filosofando na Rede, para falar sobre o assunto, recebemos a professora S\u00f4nia Alc\u00e2ntara. A media\u00e7\u00e3o \u00e9 de Laine Andrade e Barbara Carvalho.<\/div>\n<div dir=\"auto\">Acompanhe!<\/div>\n<!--[if lt IE 9]><script>document.createElement('audio');<\/script><![endif]-->\n<audio class=\"wp-audio-shortcode\" id=\"audio-31538-1\" preload=\"none\" style=\"width: 100%;\" controls=\"controls\"><source type=\"audio\/mpeg\" src=\"https:\/\/www.uninter.com\/radio\/wp-content\/uploads\/2021\/06\/filosofando-na-rede-15_06_2021_mixagem.mp3?_=1\" \/><a href=\"https:\/\/www.uninter.com\/radio\/wp-content\/uploads\/2021\/06\/filosofando-na-rede-15_06_2021_mixagem.mp3\">https:\/\/www.uninter.com\/radio\/wp-content\/uploads\/2021\/06\/filosofando-na-rede-15_06_2021_mixagem.mp3<\/a><\/audio>\n","protected":false},"excerpt":{"rendered":"<p>Por que devemos falar sobre liberdade de express\u00e3o e do politicamente correto? Este \u00e9 o&#8230;<\/p>\n","protected":false},"author":3,"featured_media":31012,"comment_status":"open","ping_status":"open","sticky":false,"template":"","format":"standard","meta":[],"categories":[2769],"tags":[],"_links":{"self":[{"href":"https:\/\/www.uninter.com\/radio\/wp-json\/wp\/v2\/posts\/31538"}],"collection":[{"href":"https:\/\/www.uninter.com\/radio\/wp-json\/wp\/v2\/posts"}],"about":[{"href":"https:\/\/www.uninter.com\/radio\/wp-json\/wp\/v2\/types\/post"}],"author":[{"embeddable":true,"href":"https:\/\/www.uninter.com\/radio\/wp-json\/wp\/v2\/users\/3"}],"replies":[{"embeddable":true,"href":"https:\/\/www.uninter.com\/radio\/wp-json\/wp\/v2\/comments?post=31538"}],"version-history":[{"count":1,"href":"https:\/\/www.uninter.com\/radio\/wp-json\/wp\/v2\/posts\/31538\/revisions"}],"predecessor-version":[{"id":31540,"href":"https:\/\/www.uninter.com\/radio\/wp-json\/wp\/v2\/posts\/31538\/revisions\/31540"}],"wp:featuredmedia":[{"embeddable":true,"href":"https:\/\/www.uninter.com\/radio\/wp-json\/wp\/v2\/media\/31012"}],"wp:attachment":[{"href":"https:\/\/www.uninter.com\/radio\/wp-json\/wp\/v2\/media?parent=31538"}],"wp:term":[{"taxonomy":"category","embeddable":true,"href":"https:\/\/www.uninter.com\/radio\/wp-json\/wp\/v2\/categories?post=31538"},{"taxonomy":"post_tag","embeddable":true,"href":"https:\/\/www.uninter.com\/radio\/wp-json\/wp\/v2\/tags?post=31538"}],"curies":[{"name":"wp","href":"https:\/\/api.w.org\/{rel}","templated":true}]}}