{"id":31520,"date":"2021-06-25T11:10:23","date_gmt":"2021-06-25T14:10:23","guid":{"rendered":"https:\/\/www.uninter.com\/radio\/?p=31520"},"modified":"2021-06-25T11:10:23","modified_gmt":"2021-06-25T14:10:23","slug":"talento-em-foco-48","status":"publish","type":"post","link":"https:\/\/www.uninter.com\/radio\/talento-em-foco-48","title":{"rendered":"Talento em Foco #48"},"content":{"rendered":"<div dir=\"auto\">Voc\u00ea sabia que o voluntariado \u00e9 uma das experi\u00eancias mais requisitadas pelas empresas atualmente?<\/div>\n<div dir=\"auto\">Este \u00e9 o tema do Talento em Foco da vez! Quem vai falar sobre o assunto \u00e9 a Elaine Macedo, graduada em Gest\u00e3o de Organiza\u00e7\u00f5es do Terceiro Setor, com especializa\u00e7\u00e3o de Gest\u00e3o do Voluntariado, Voluntariado Corporativo e Responsabilidade Social Empresarial.<\/div>\n<div dir=\"auto\">Acompanhe!<\/div>\n<!--[if lt IE 9]><script>document.createElement('audio');<\/script><![endif]-->\n<audio class=\"wp-audio-shortcode\" id=\"audio-31520-1\" preload=\"none\" style=\"width: 100%;\" controls=\"controls\"><source type=\"audio\/mpeg\" src=\"https:\/\/www.uninter.com\/radio\/wp-content\/uploads\/2021\/06\/talento-em-foco-14_06_2021_mixagem.mp3?_=1\" \/><a href=\"https:\/\/www.uninter.com\/radio\/wp-content\/uploads\/2021\/06\/talento-em-foco-14_06_2021_mixagem.mp3\">https:\/\/www.uninter.com\/radio\/wp-content\/uploads\/2021\/06\/talento-em-foco-14_06_2021_mixagem.mp3<\/a><\/audio>\n","protected":false},"excerpt":{"rendered":"<p>Voc\u00ea sabia que o voluntariado \u00e9 uma das experi\u00eancias mais requisitadas pelas empresas atualmente? Este&#8230;<\/p>\n","protected":false},"author":3,"featured_media":31128,"comment_status":"open","ping_status":"open","sticky":false,"template":"","format":"standard","meta":[],"categories":[2723],"tags":[],"_links":{"self":[{"href":"https:\/\/www.uninter.com\/radio\/wp-json\/wp\/v2\/posts\/31520"}],"collection":[{"href":"https:\/\/www.uninter.com\/radio\/wp-json\/wp\/v2\/posts"}],"about":[{"href":"https:\/\/www.uninter.com\/radio\/wp-json\/wp\/v2\/types\/post"}],"author":[{"embeddable":true,"href":"https:\/\/www.uninter.com\/radio\/wp-json\/wp\/v2\/users\/3"}],"replies":[{"embeddable":true,"href":"https:\/\/www.uninter.com\/radio\/wp-json\/wp\/v2\/comments?post=31520"}],"version-history":[{"count":1,"href":"https:\/\/www.uninter.com\/radio\/wp-json\/wp\/v2\/posts\/31520\/revisions"}],"predecessor-version":[{"id":31522,"href":"https:\/\/www.uninter.com\/radio\/wp-json\/wp\/v2\/posts\/31520\/revisions\/31522"}],"wp:featuredmedia":[{"embeddable":true,"href":"https:\/\/www.uninter.com\/radio\/wp-json\/wp\/v2\/media\/31128"}],"wp:attachment":[{"href":"https:\/\/www.uninter.com\/radio\/wp-json\/wp\/v2\/media?parent=31520"}],"wp:term":[{"taxonomy":"category","embeddable":true,"href":"https:\/\/www.uninter.com\/radio\/wp-json\/wp\/v2\/categories?post=31520"},{"taxonomy":"post_tag","embeddable":true,"href":"https:\/\/www.uninter.com\/radio\/wp-json\/wp\/v2\/tags?post=31520"}],"curies":[{"name":"wp","href":"https:\/\/api.w.org\/{rel}","templated":true}]}}