{"id":31510,"date":"2021-06-15T19:21:57","date_gmt":"2021-06-15T22:21:57","guid":{"rendered":"https:\/\/www.uninter.com\/radio\/?p=31510"},"modified":"2021-06-15T19:21:57","modified_gmt":"2021-06-15T22:21:57","slug":"transito-e-mobilidade-22","status":"publish","type":"post","link":"https:\/\/www.uninter.com\/radio\/transito-e-mobilidade-22","title":{"rendered":"Tr\u00e2nsito e Mobilidade #22"},"content":{"rendered":"<div dir=\"auto\">A edi\u00e7\u00e3o da vez do Tr\u00e2nsito e Mobilidade vai falar sobre a rela\u00e7\u00e3o da bicicleta no tr\u00e2nsito. Para isso recebemos Andr\u00e9 Geraldo Soares, coordenador do Observat\u00f3rio da Bicicleta da UCB.<\/div>\n<div dir=\"auto\">Acompanhe!<\/div>\n<!--[if lt IE 9]><script>document.createElement('audio');<\/script><![endif]-->\n<audio class=\"wp-audio-shortcode\" id=\"audio-31510-1\" preload=\"none\" style=\"width: 100%;\" controls=\"controls\"><source type=\"audio\/mpeg\" src=\"https:\/\/www.uninter.com\/radio\/wp-content\/uploads\/2021\/06\/transito-e-mobilidade-11_06_2021_mixagem.mp3?_=1\" \/><a href=\"https:\/\/www.uninter.com\/radio\/wp-content\/uploads\/2021\/06\/transito-e-mobilidade-11_06_2021_mixagem.mp3\">https:\/\/www.uninter.com\/radio\/wp-content\/uploads\/2021\/06\/transito-e-mobilidade-11_06_2021_mixagem.mp3<\/a><\/audio>\n","protected":false},"excerpt":{"rendered":"<p>A edi\u00e7\u00e3o da vez do Tr\u00e2nsito e Mobilidade vai falar sobre a rela\u00e7\u00e3o da bicicleta&#8230;<\/p>\n","protected":false},"author":3,"featured_media":31097,"comment_status":"open","ping_status":"open","sticky":false,"template":"","format":"standard","meta":[],"categories":[2718],"tags":[],"_links":{"self":[{"href":"https:\/\/www.uninter.com\/radio\/wp-json\/wp\/v2\/posts\/31510"}],"collection":[{"href":"https:\/\/www.uninter.com\/radio\/wp-json\/wp\/v2\/posts"}],"about":[{"href":"https:\/\/www.uninter.com\/radio\/wp-json\/wp\/v2\/types\/post"}],"author":[{"embeddable":true,"href":"https:\/\/www.uninter.com\/radio\/wp-json\/wp\/v2\/users\/3"}],"replies":[{"embeddable":true,"href":"https:\/\/www.uninter.com\/radio\/wp-json\/wp\/v2\/comments?post=31510"}],"version-history":[{"count":1,"href":"https:\/\/www.uninter.com\/radio\/wp-json\/wp\/v2\/posts\/31510\/revisions"}],"predecessor-version":[{"id":31512,"href":"https:\/\/www.uninter.com\/radio\/wp-json\/wp\/v2\/posts\/31510\/revisions\/31512"}],"wp:featuredmedia":[{"embeddable":true,"href":"https:\/\/www.uninter.com\/radio\/wp-json\/wp\/v2\/media\/31097"}],"wp:attachment":[{"href":"https:\/\/www.uninter.com\/radio\/wp-json\/wp\/v2\/media?parent=31510"}],"wp:term":[{"taxonomy":"category","embeddable":true,"href":"https:\/\/www.uninter.com\/radio\/wp-json\/wp\/v2\/categories?post=31510"},{"taxonomy":"post_tag","embeddable":true,"href":"https:\/\/www.uninter.com\/radio\/wp-json\/wp\/v2\/tags?post=31510"}],"curies":[{"name":"wp","href":"https:\/\/api.w.org\/{rel}","templated":true}]}}