{"id":31486,"date":"2021-06-15T17:05:58","date_gmt":"2021-06-15T20:05:58","guid":{"rendered":"https:\/\/www.uninter.com\/radio\/?p=31486"},"modified":"2021-06-15T17:05:58","modified_gmt":"2021-06-15T20:05:58","slug":"humanidades-45","status":"publish","type":"post","link":"https:\/\/www.uninter.com\/radio\/humanidades-45","title":{"rendered":"Humanidades #45"},"content":{"rendered":"<div dir=\"auto\">Esta edi\u00e7\u00e3o do programa Humanidades vai te contar como a arte e a cultura podem atuam como um servi\u00e7o de transforma\u00e7\u00e3o social.<\/div>\n<div dir=\"auto\">Para falar sobre o tema, recebemos Adriana Villar &#8211; Diretora da institui\u00e7\u00e3o Inclusive nas Artes.<\/div>\n<div dir=\"auto\">Acompanhe!<\/div>\n<!--[if lt IE 9]><script>document.createElement('audio');<\/script><![endif]-->\n<audio class=\"wp-audio-shortcode\" id=\"audio-31486-1\" preload=\"none\" style=\"width: 100%;\" controls=\"controls\"><source type=\"audio\/mpeg\" src=\"https:\/\/www.uninter.com\/radio\/wp-content\/uploads\/2021\/06\/humanidades-09_06_2021_mixagem.mp3?_=1\" \/><a href=\"https:\/\/www.uninter.com\/radio\/wp-content\/uploads\/2021\/06\/humanidades-09_06_2021_mixagem.mp3\">https:\/\/www.uninter.com\/radio\/wp-content\/uploads\/2021\/06\/humanidades-09_06_2021_mixagem.mp3<\/a><\/audio>\n","protected":false},"excerpt":{"rendered":"<p>Esta edi\u00e7\u00e3o do programa Humanidades vai te contar como a arte e a cultura podem&#8230;<\/p>\n","protected":false},"author":3,"featured_media":31146,"comment_status":"open","ping_status":"open","sticky":false,"template":"","format":"standard","meta":[],"categories":[2707],"tags":[],"_links":{"self":[{"href":"https:\/\/www.uninter.com\/radio\/wp-json\/wp\/v2\/posts\/31486"}],"collection":[{"href":"https:\/\/www.uninter.com\/radio\/wp-json\/wp\/v2\/posts"}],"about":[{"href":"https:\/\/www.uninter.com\/radio\/wp-json\/wp\/v2\/types\/post"}],"author":[{"embeddable":true,"href":"https:\/\/www.uninter.com\/radio\/wp-json\/wp\/v2\/users\/3"}],"replies":[{"embeddable":true,"href":"https:\/\/www.uninter.com\/radio\/wp-json\/wp\/v2\/comments?post=31486"}],"version-history":[{"count":1,"href":"https:\/\/www.uninter.com\/radio\/wp-json\/wp\/v2\/posts\/31486\/revisions"}],"predecessor-version":[{"id":31488,"href":"https:\/\/www.uninter.com\/radio\/wp-json\/wp\/v2\/posts\/31486\/revisions\/31488"}],"wp:featuredmedia":[{"embeddable":true,"href":"https:\/\/www.uninter.com\/radio\/wp-json\/wp\/v2\/media\/31146"}],"wp:attachment":[{"href":"https:\/\/www.uninter.com\/radio\/wp-json\/wp\/v2\/media?parent=31486"}],"wp:term":[{"taxonomy":"category","embeddable":true,"href":"https:\/\/www.uninter.com\/radio\/wp-json\/wp\/v2\/categories?post=31486"},{"taxonomy":"post_tag","embeddable":true,"href":"https:\/\/www.uninter.com\/radio\/wp-json\/wp\/v2\/tags?post=31486"}],"curies":[{"name":"wp","href":"https:\/\/api.w.org\/{rel}","templated":true}]}}