{"id":31471,"date":"2021-06-15T16:51:22","date_gmt":"2021-06-15T19:51:22","guid":{"rendered":"https:\/\/www.uninter.com\/radio\/?p=31471"},"modified":"2021-06-15T16:51:22","modified_gmt":"2021-06-15T19:51:22","slug":"talento-em-foco-47","status":"publish","type":"post","link":"https:\/\/www.uninter.com\/radio\/talento-em-foco-47","title":{"rendered":"Talento em Foco #47"},"content":{"rendered":"<div dir=\"auto\">Confira no Talento em Foco da vez uma conversa sobre &#8220;A corrente do bem&#8221;. Para falar sobre o assunto recebemos o empres\u00e1rio e economista, Jos\u00e9 Rubens Abr\u00e3o.<\/div>\n<div dir=\"auto\">Acompanhe!<\/div>\n<!--[if lt IE 9]><script>document.createElement('audio');<\/script><![endif]-->\n<audio class=\"wp-audio-shortcode\" id=\"audio-31471-1\" preload=\"none\" style=\"width: 100%;\" controls=\"controls\"><source type=\"audio\/mpeg\" src=\"https:\/\/www.uninter.com\/radio\/wp-content\/uploads\/2021\/06\/talento-em-foco-07_06_2021_mixagem.mp3?_=1\" \/><a href=\"https:\/\/www.uninter.com\/radio\/wp-content\/uploads\/2021\/06\/talento-em-foco-07_06_2021_mixagem.mp3\">https:\/\/www.uninter.com\/radio\/wp-content\/uploads\/2021\/06\/talento-em-foco-07_06_2021_mixagem.mp3<\/a><\/audio>\n","protected":false},"excerpt":{"rendered":"<p>Confira no Talento em Foco da vez uma conversa sobre &#8220;A corrente do bem&#8221;. Para&#8230;<\/p>\n","protected":false},"author":3,"featured_media":31128,"comment_status":"open","ping_status":"open","sticky":false,"template":"","format":"standard","meta":[],"categories":[2723],"tags":[],"_links":{"self":[{"href":"https:\/\/www.uninter.com\/radio\/wp-json\/wp\/v2\/posts\/31471"}],"collection":[{"href":"https:\/\/www.uninter.com\/radio\/wp-json\/wp\/v2\/posts"}],"about":[{"href":"https:\/\/www.uninter.com\/radio\/wp-json\/wp\/v2\/types\/post"}],"author":[{"embeddable":true,"href":"https:\/\/www.uninter.com\/radio\/wp-json\/wp\/v2\/users\/3"}],"replies":[{"embeddable":true,"href":"https:\/\/www.uninter.com\/radio\/wp-json\/wp\/v2\/comments?post=31471"}],"version-history":[{"count":1,"href":"https:\/\/www.uninter.com\/radio\/wp-json\/wp\/v2\/posts\/31471\/revisions"}],"predecessor-version":[{"id":31473,"href":"https:\/\/www.uninter.com\/radio\/wp-json\/wp\/v2\/posts\/31471\/revisions\/31473"}],"wp:featuredmedia":[{"embeddable":true,"href":"https:\/\/www.uninter.com\/radio\/wp-json\/wp\/v2\/media\/31128"}],"wp:attachment":[{"href":"https:\/\/www.uninter.com\/radio\/wp-json\/wp\/v2\/media?parent=31471"}],"wp:term":[{"taxonomy":"category","embeddable":true,"href":"https:\/\/www.uninter.com\/radio\/wp-json\/wp\/v2\/categories?post=31471"},{"taxonomy":"post_tag","embeddable":true,"href":"https:\/\/www.uninter.com\/radio\/wp-json\/wp\/v2\/tags?post=31471"}],"curies":[{"name":"wp","href":"https:\/\/api.w.org\/{rel}","templated":true}]}}