{"id":31354,"date":"2021-05-24T18:01:13","date_gmt":"2021-05-24T21:01:13","guid":{"rendered":"https:\/\/www.uninter.com\/radio\/?p=31354"},"modified":"2021-05-24T18:01:13","modified_gmt":"2021-05-24T21:01:13","slug":"humanidades-43","status":"publish","type":"post","link":"https:\/\/www.uninter.com\/radio\/humanidades-43","title":{"rendered":"Humanidades #43"},"content":{"rendered":"<div dir=\"auto\">Nesta edi\u00e7\u00e3o\u00a0do programa Humanidades falamos sobre &#8220;Educa\u00e7\u00e3o Decolonial e a Prote\u00e7\u00e3o \u00e0 Inf\u00e2ncia e Adolesc\u00eancia.&#8221;<\/div>\n<div dir=\"auto\">Para esclarecer as d\u00favidas sobre o assunto recebemos a pedagoga T\u00e2nia Mara Pac\u00edfico.<\/div>\n<div dir=\"auto\">Acompanhe!<\/div>\n<!--[if lt IE 9]><script>document.createElement('audio');<\/script><![endif]-->\n<audio class=\"wp-audio-shortcode\" id=\"audio-31354-1\" preload=\"none\" style=\"width: 100%;\" controls=\"controls\"><source type=\"audio\/mpeg\" src=\"https:\/\/www.uninter.com\/radio\/wp-content\/uploads\/2021\/05\/humanidades-19_05_2021_mixagem.mp3?_=1\" \/><a href=\"https:\/\/www.uninter.com\/radio\/wp-content\/uploads\/2021\/05\/humanidades-19_05_2021_mixagem.mp3\">https:\/\/www.uninter.com\/radio\/wp-content\/uploads\/2021\/05\/humanidades-19_05_2021_mixagem.mp3<\/a><\/audio>\n","protected":false},"excerpt":{"rendered":"<p>Nesta edi\u00e7\u00e3o\u00a0do programa Humanidades falamos sobre &#8220;Educa\u00e7\u00e3o Decolonial e a Prote\u00e7\u00e3o \u00e0 Inf\u00e2ncia e Adolesc\u00eancia.&#8221;&#8230;<\/p>\n","protected":false},"author":3,"featured_media":31146,"comment_status":"open","ping_status":"open","sticky":false,"template":"","format":"standard","meta":[],"categories":[2707],"tags":[],"_links":{"self":[{"href":"https:\/\/www.uninter.com\/radio\/wp-json\/wp\/v2\/posts\/31354"}],"collection":[{"href":"https:\/\/www.uninter.com\/radio\/wp-json\/wp\/v2\/posts"}],"about":[{"href":"https:\/\/www.uninter.com\/radio\/wp-json\/wp\/v2\/types\/post"}],"author":[{"embeddable":true,"href":"https:\/\/www.uninter.com\/radio\/wp-json\/wp\/v2\/users\/3"}],"replies":[{"embeddable":true,"href":"https:\/\/www.uninter.com\/radio\/wp-json\/wp\/v2\/comments?post=31354"}],"version-history":[{"count":1,"href":"https:\/\/www.uninter.com\/radio\/wp-json\/wp\/v2\/posts\/31354\/revisions"}],"predecessor-version":[{"id":31356,"href":"https:\/\/www.uninter.com\/radio\/wp-json\/wp\/v2\/posts\/31354\/revisions\/31356"}],"wp:featuredmedia":[{"embeddable":true,"href":"https:\/\/www.uninter.com\/radio\/wp-json\/wp\/v2\/media\/31146"}],"wp:attachment":[{"href":"https:\/\/www.uninter.com\/radio\/wp-json\/wp\/v2\/media?parent=31354"}],"wp:term":[{"taxonomy":"category","embeddable":true,"href":"https:\/\/www.uninter.com\/radio\/wp-json\/wp\/v2\/categories?post=31354"},{"taxonomy":"post_tag","embeddable":true,"href":"https:\/\/www.uninter.com\/radio\/wp-json\/wp\/v2\/tags?post=31354"}],"curies":[{"name":"wp","href":"https:\/\/api.w.org\/{rel}","templated":true}]}}