{"id":31336,"date":"2021-05-24T13:21:43","date_gmt":"2021-05-24T16:21:43","guid":{"rendered":"https:\/\/www.uninter.com\/radio\/?p=31336"},"modified":"2021-05-24T13:21:43","modified_gmt":"2021-05-24T16:21:43","slug":"inclusao-em-rede-38","status":"publish","type":"post","link":"https:\/\/www.uninter.com\/radio\/inclusao-em-rede-38","title":{"rendered":"Inclus\u00e3o em Rede #38"},"content":{"rendered":"<div dir=\"auto\">Nesta edi\u00e7\u00e3o\u00a0do programa Inclus\u00e3o em Rede o assunto \u00e9 &#8220;Cal\u00e7adas e rotas acess\u00edveis&#8221;<\/div>\n<div dir=\"auto\">Para falar sobre recebemos Ricardo Mesquita, Arquiteto urbanista especialista em acessibilidade.<\/div>\n<div dir=\"auto\">Acompanhe!<\/div>\n<!--[if lt IE 9]><script>document.createElement('audio');<\/script><![endif]-->\n<audio class=\"wp-audio-shortcode\" id=\"audio-31336-1\" preload=\"none\" style=\"width: 100%;\" controls=\"controls\"><source type=\"audio\/mpeg\" src=\"https:\/\/www.uninter.com\/radio\/wp-content\/uploads\/2021\/05\/inclus\u00e3o-em-rede-14_05_2021_mixagem-online-audio-converter.com_.mp3?_=1\" \/><a href=\"https:\/\/www.uninter.com\/radio\/wp-content\/uploads\/2021\/05\/inclus\u00e3o-em-rede-14_05_2021_mixagem-online-audio-converter.com_.mp3\">https:\/\/www.uninter.com\/radio\/wp-content\/uploads\/2021\/05\/inclus\u00e3o-em-rede-14_05_2021_mixagem-online-audio-converter.com_.mp3<\/a><\/audio>\n","protected":false},"excerpt":{"rendered":"<p>Nesta edi\u00e7\u00e3o\u00a0do programa Inclus\u00e3o em Rede o assunto \u00e9 &#8220;Cal\u00e7adas e rotas acess\u00edveis&#8221; Para falar&#8230;<\/p>\n","protected":false},"author":3,"featured_media":31105,"comment_status":"open","ping_status":"open","sticky":false,"template":"","format":"standard","meta":[],"categories":[2727],"tags":[],"_links":{"self":[{"href":"https:\/\/www.uninter.com\/radio\/wp-json\/wp\/v2\/posts\/31336"}],"collection":[{"href":"https:\/\/www.uninter.com\/radio\/wp-json\/wp\/v2\/posts"}],"about":[{"href":"https:\/\/www.uninter.com\/radio\/wp-json\/wp\/v2\/types\/post"}],"author":[{"embeddable":true,"href":"https:\/\/www.uninter.com\/radio\/wp-json\/wp\/v2\/users\/3"}],"replies":[{"embeddable":true,"href":"https:\/\/www.uninter.com\/radio\/wp-json\/wp\/v2\/comments?post=31336"}],"version-history":[{"count":1,"href":"https:\/\/www.uninter.com\/radio\/wp-json\/wp\/v2\/posts\/31336\/revisions"}],"predecessor-version":[{"id":31338,"href":"https:\/\/www.uninter.com\/radio\/wp-json\/wp\/v2\/posts\/31336\/revisions\/31338"}],"wp:featuredmedia":[{"embeddable":true,"href":"https:\/\/www.uninter.com\/radio\/wp-json\/wp\/v2\/media\/31105"}],"wp:attachment":[{"href":"https:\/\/www.uninter.com\/radio\/wp-json\/wp\/v2\/media?parent=31336"}],"wp:term":[{"taxonomy":"category","embeddable":true,"href":"https:\/\/www.uninter.com\/radio\/wp-json\/wp\/v2\/categories?post=31336"},{"taxonomy":"post_tag","embeddable":true,"href":"https:\/\/www.uninter.com\/radio\/wp-json\/wp\/v2\/tags?post=31336"}],"curies":[{"name":"wp","href":"https:\/\/api.w.org\/{rel}","templated":true}]}}