{"id":31330,"date":"2021-05-24T12:57:20","date_gmt":"2021-05-24T15:57:20","guid":{"rendered":"https:\/\/www.uninter.com\/radio\/?p=31330"},"modified":"2021-05-24T12:57:20","modified_gmt":"2021-05-24T15:57:20","slug":"transito-e-mobilidade-19","status":"publish","type":"post","link":"https:\/\/www.uninter.com\/radio\/transito-e-mobilidade-19","title":{"rendered":"Tr\u00e2nsito e Mobilidade #19"},"content":{"rendered":"<div dir=\"auto\">Nesta edi\u00e7\u00e3o do Tr\u00e2nsito e Mobilidade vamos falar sobre as crian\u00e7as, pois o tema \u00e9 &#8220;A educa\u00e7\u00e3o para o tr\u00e2nsito na primeira inf\u00e2ncia&#8221;<\/div>\n<div dir=\"auto\">Para isso recebemos a pedagoga e t\u00e9cnica em seguran\u00e7a no trabalho, Eliany Rodrigues.<\/div>\n<div dir=\"auto\">Acompanhe!<\/div>\n<!--[if lt IE 9]><script>document.createElement('audio');<\/script><![endif]-->\n<audio class=\"wp-audio-shortcode\" id=\"audio-31330-1\" preload=\"none\" style=\"width: 100%;\" controls=\"controls\"><source type=\"audio\/mpeg\" src=\"https:\/\/www.uninter.com\/radio\/wp-content\/uploads\/2021\/05\/transito-e-mobilidade-14_05_2021_mixagem.mp3?_=1\" \/><a href=\"https:\/\/www.uninter.com\/radio\/wp-content\/uploads\/2021\/05\/transito-e-mobilidade-14_05_2021_mixagem.mp3\">https:\/\/www.uninter.com\/radio\/wp-content\/uploads\/2021\/05\/transito-e-mobilidade-14_05_2021_mixagem.mp3<\/a><\/audio>\n","protected":false},"excerpt":{"rendered":"<p>Nesta edi\u00e7\u00e3o do Tr\u00e2nsito e Mobilidade vamos falar sobre as crian\u00e7as, pois o tema \u00e9&#8230;<\/p>\n","protected":false},"author":3,"featured_media":31097,"comment_status":"open","ping_status":"open","sticky":false,"template":"","format":"standard","meta":[],"categories":[2718],"tags":[],"_links":{"self":[{"href":"https:\/\/www.uninter.com\/radio\/wp-json\/wp\/v2\/posts\/31330"}],"collection":[{"href":"https:\/\/www.uninter.com\/radio\/wp-json\/wp\/v2\/posts"}],"about":[{"href":"https:\/\/www.uninter.com\/radio\/wp-json\/wp\/v2\/types\/post"}],"author":[{"embeddable":true,"href":"https:\/\/www.uninter.com\/radio\/wp-json\/wp\/v2\/users\/3"}],"replies":[{"embeddable":true,"href":"https:\/\/www.uninter.com\/radio\/wp-json\/wp\/v2\/comments?post=31330"}],"version-history":[{"count":1,"href":"https:\/\/www.uninter.com\/radio\/wp-json\/wp\/v2\/posts\/31330\/revisions"}],"predecessor-version":[{"id":31332,"href":"https:\/\/www.uninter.com\/radio\/wp-json\/wp\/v2\/posts\/31330\/revisions\/31332"}],"wp:featuredmedia":[{"embeddable":true,"href":"https:\/\/www.uninter.com\/radio\/wp-json\/wp\/v2\/media\/31097"}],"wp:attachment":[{"href":"https:\/\/www.uninter.com\/radio\/wp-json\/wp\/v2\/media?parent=31330"}],"wp:term":[{"taxonomy":"category","embeddable":true,"href":"https:\/\/www.uninter.com\/radio\/wp-json\/wp\/v2\/categories?post=31330"},{"taxonomy":"post_tag","embeddable":true,"href":"https:\/\/www.uninter.com\/radio\/wp-json\/wp\/v2\/tags?post=31330"}],"curies":[{"name":"wp","href":"https:\/\/api.w.org\/{rel}","templated":true}]}}