{"id":31324,"date":"2021-05-24T12:53:31","date_gmt":"2021-05-24T15:53:31","guid":{"rendered":"https:\/\/www.uninter.com\/radio\/?p=31324"},"modified":"2021-05-24T12:53:31","modified_gmt":"2021-05-24T15:53:31","slug":"conversa-com-o-reitor-49","status":"publish","type":"post","link":"https:\/\/www.uninter.com\/radio\/conversa-com-o-reitor-49","title":{"rendered":"Conversa com o Reitor #49"},"content":{"rendered":"<div dir=\"auto\">Nesta\u00a0edi\u00e7\u00e3o voc\u00ea fica conhecendo mais tr\u00eas personagens que s\u00e3o finalistas no concurso cultural Hist\u00f3rias que fazem a nossa hist\u00f3ria no programa Conversa com o Reitor. Desta vez, voc\u00ea vai se inspirar com as hist\u00f3rias dos polos de Itajub\u00e1 (MG) e Avar\u00e9 (SP), al\u00e9m de conhecer uma hist\u00f3ria de egresso emocionante.<\/div>\n<div dir=\"auto\">Acompanhe|!!!|<\/div>\n<div dir=\"auto\">\n<!--[if lt IE 9]><script>document.createElement('audio');<\/script><![endif]-->\n<audio class=\"wp-audio-shortcode\" id=\"audio-31324-1\" preload=\"none\" style=\"width: 100%;\" controls=\"controls\"><source type=\"audio\/mpeg\" src=\"https:\/\/www.uninter.com\/radio\/wp-content\/uploads\/2021\/05\/conversa-com-o-reitor-14_05_2021_mixagem-online-audio-converter.com_.mp3?_=1\" \/><a href=\"https:\/\/www.uninter.com\/radio\/wp-content\/uploads\/2021\/05\/conversa-com-o-reitor-14_05_2021_mixagem-online-audio-converter.com_.mp3\">https:\/\/www.uninter.com\/radio\/wp-content\/uploads\/2021\/05\/conversa-com-o-reitor-14_05_2021_mixagem-online-audio-converter.com_.mp3<\/a><\/audio>\n<\/div>\n","protected":false},"excerpt":{"rendered":"<p>Nesta\u00a0edi\u00e7\u00e3o voc\u00ea fica conhecendo mais tr\u00eas personagens que s\u00e3o finalistas no concurso cultural Hist\u00f3rias que&#8230;<\/p>\n","protected":false},"author":3,"featured_media":31088,"comment_status":"open","ping_status":"open","sticky":false,"template":"","format":"standard","meta":[],"categories":[2724],"tags":[],"_links":{"self":[{"href":"https:\/\/www.uninter.com\/radio\/wp-json\/wp\/v2\/posts\/31324"}],"collection":[{"href":"https:\/\/www.uninter.com\/radio\/wp-json\/wp\/v2\/posts"}],"about":[{"href":"https:\/\/www.uninter.com\/radio\/wp-json\/wp\/v2\/types\/post"}],"author":[{"embeddable":true,"href":"https:\/\/www.uninter.com\/radio\/wp-json\/wp\/v2\/users\/3"}],"replies":[{"embeddable":true,"href":"https:\/\/www.uninter.com\/radio\/wp-json\/wp\/v2\/comments?post=31324"}],"version-history":[{"count":1,"href":"https:\/\/www.uninter.com\/radio\/wp-json\/wp\/v2\/posts\/31324\/revisions"}],"predecessor-version":[{"id":31326,"href":"https:\/\/www.uninter.com\/radio\/wp-json\/wp\/v2\/posts\/31324\/revisions\/31326"}],"wp:featuredmedia":[{"embeddable":true,"href":"https:\/\/www.uninter.com\/radio\/wp-json\/wp\/v2\/media\/31088"}],"wp:attachment":[{"href":"https:\/\/www.uninter.com\/radio\/wp-json\/wp\/v2\/media?parent=31324"}],"wp:term":[{"taxonomy":"category","embeddable":true,"href":"https:\/\/www.uninter.com\/radio\/wp-json\/wp\/v2\/categories?post=31324"},{"taxonomy":"post_tag","embeddable":true,"href":"https:\/\/www.uninter.com\/radio\/wp-json\/wp\/v2\/tags?post=31324"}],"curies":[{"name":"wp","href":"https:\/\/api.w.org\/{rel}","templated":true}]}}