{"id":31312,"date":"2021-05-24T12:33:46","date_gmt":"2021-05-24T15:33:46","guid":{"rendered":"https:\/\/www.uninter.com\/radio\/?p=31312"},"modified":"2021-05-24T12:33:46","modified_gmt":"2021-05-24T15:33:46","slug":"chave-interdisciplinar-39","status":"publish","type":"post","link":"https:\/\/www.uninter.com\/radio\/chave-interdisciplinar-39","title":{"rendered":"Chave Interdisciplinar #39"},"content":{"rendered":"<div dir=\"auto\">Voc\u00ea faz ideia de como podemos relacionar m\u00fasica e matem\u00e1tica? &#8220;Geometria Fractal&#8221; \u00e9 o tema do Chave Interdisciplinar da vez, e para a conversa, contamos com a presen\u00e7a dos professores Paulo Martinelli, Guilherme Augusto e Elzerio da Silva Junior.<\/div>\n<div dir=\"auto\">Acompanhe!<\/div>\n<!--[if lt IE 9]><script>document.createElement('audio');<\/script><![endif]-->\n<audio class=\"wp-audio-shortcode\" id=\"audio-31312-1\" preload=\"none\" style=\"width: 100%;\" controls=\"controls\"><source type=\"audio\/mpeg\" src=\"https:\/\/www.uninter.com\/radio\/wp-content\/uploads\/2021\/05\/chave-13_05_2021_mixagem.mp3?_=1\" \/><a href=\"https:\/\/www.uninter.com\/radio\/wp-content\/uploads\/2021\/05\/chave-13_05_2021_mixagem.mp3\">https:\/\/www.uninter.com\/radio\/wp-content\/uploads\/2021\/05\/chave-13_05_2021_mixagem.mp3<\/a><\/audio>\n","protected":false},"excerpt":{"rendered":"<p>Voc\u00ea faz ideia de como podemos relacionar m\u00fasica e matem\u00e1tica? &#8220;Geometria Fractal&#8221; \u00e9 o tema&#8230;<\/p>\n","protected":false},"author":3,"featured_media":31168,"comment_status":"open","ping_status":"open","sticky":false,"template":"","format":"standard","meta":[],"categories":[2735],"tags":[],"_links":{"self":[{"href":"https:\/\/www.uninter.com\/radio\/wp-json\/wp\/v2\/posts\/31312"}],"collection":[{"href":"https:\/\/www.uninter.com\/radio\/wp-json\/wp\/v2\/posts"}],"about":[{"href":"https:\/\/www.uninter.com\/radio\/wp-json\/wp\/v2\/types\/post"}],"author":[{"embeddable":true,"href":"https:\/\/www.uninter.com\/radio\/wp-json\/wp\/v2\/users\/3"}],"replies":[{"embeddable":true,"href":"https:\/\/www.uninter.com\/radio\/wp-json\/wp\/v2\/comments?post=31312"}],"version-history":[{"count":1,"href":"https:\/\/www.uninter.com\/radio\/wp-json\/wp\/v2\/posts\/31312\/revisions"}],"predecessor-version":[{"id":31314,"href":"https:\/\/www.uninter.com\/radio\/wp-json\/wp\/v2\/posts\/31312\/revisions\/31314"}],"wp:featuredmedia":[{"embeddable":true,"href":"https:\/\/www.uninter.com\/radio\/wp-json\/wp\/v2\/media\/31168"}],"wp:attachment":[{"href":"https:\/\/www.uninter.com\/radio\/wp-json\/wp\/v2\/media?parent=31312"}],"wp:term":[{"taxonomy":"category","embeddable":true,"href":"https:\/\/www.uninter.com\/radio\/wp-json\/wp\/v2\/categories?post=31312"},{"taxonomy":"post_tag","embeddable":true,"href":"https:\/\/www.uninter.com\/radio\/wp-json\/wp\/v2\/tags?post=31312"}],"curies":[{"name":"wp","href":"https:\/\/api.w.org\/{rel}","templated":true}]}}