{"id":31306,"date":"2021-05-24T12:29:47","date_gmt":"2021-05-24T15:29:47","guid":{"rendered":"https:\/\/www.uninter.com\/radio\/?p=31306"},"modified":"2021-05-24T12:29:47","modified_gmt":"2021-05-24T15:29:47","slug":"memoria-viva-59","status":"publish","type":"post","link":"https:\/\/www.uninter.com\/radio\/memoria-viva-59","title":{"rendered":"Mem\u00f3ria Viva #59"},"content":{"rendered":"<div dir=\"auto\">Nesta edi\u00e7\u00e3o\u00a0do programa Mem\u00f3ria Viva, voc\u00ea conhece e sabe tudo sobre a vida do editor-chefe da Central de Not\u00edcias Uninter e renomado jornalista, Mauri K\u00f6nig.<\/div>\n<div dir=\"auto\">Acompanhe!<\/div>\n<!--[if lt IE 9]><script>document.createElement('audio');<\/script><![endif]-->\n<audio class=\"wp-audio-shortcode\" id=\"audio-31306-1\" preload=\"none\" style=\"width: 100%;\" controls=\"controls\"><source type=\"audio\/mpeg\" src=\"https:\/\/www.uninter.com\/radio\/wp-content\/uploads\/2021\/05\/memoria-viva-13_05_2021_mixagem-online-audio-converter.com_.mp3?_=1\" \/><a href=\"https:\/\/www.uninter.com\/radio\/wp-content\/uploads\/2021\/05\/memoria-viva-13_05_2021_mixagem-online-audio-converter.com_.mp3\">https:\/\/www.uninter.com\/radio\/wp-content\/uploads\/2021\/05\/memoria-viva-13_05_2021_mixagem-online-audio-converter.com_.mp3<\/a><\/audio>\n","protected":false},"excerpt":{"rendered":"<p>Nesta edi\u00e7\u00e3o\u00a0do programa Mem\u00f3ria Viva, voc\u00ea conhece e sabe tudo sobre a vida do editor-chefe&#8230;<\/p>\n","protected":false},"author":3,"featured_media":31159,"comment_status":"open","ping_status":"open","sticky":false,"template":"","format":"standard","meta":[],"categories":[2712],"tags":[],"_links":{"self":[{"href":"https:\/\/www.uninter.com\/radio\/wp-json\/wp\/v2\/posts\/31306"}],"collection":[{"href":"https:\/\/www.uninter.com\/radio\/wp-json\/wp\/v2\/posts"}],"about":[{"href":"https:\/\/www.uninter.com\/radio\/wp-json\/wp\/v2\/types\/post"}],"author":[{"embeddable":true,"href":"https:\/\/www.uninter.com\/radio\/wp-json\/wp\/v2\/users\/3"}],"replies":[{"embeddable":true,"href":"https:\/\/www.uninter.com\/radio\/wp-json\/wp\/v2\/comments?post=31306"}],"version-history":[{"count":1,"href":"https:\/\/www.uninter.com\/radio\/wp-json\/wp\/v2\/posts\/31306\/revisions"}],"predecessor-version":[{"id":31308,"href":"https:\/\/www.uninter.com\/radio\/wp-json\/wp\/v2\/posts\/31306\/revisions\/31308"}],"wp:featuredmedia":[{"embeddable":true,"href":"https:\/\/www.uninter.com\/radio\/wp-json\/wp\/v2\/media\/31159"}],"wp:attachment":[{"href":"https:\/\/www.uninter.com\/radio\/wp-json\/wp\/v2\/media?parent=31306"}],"wp:term":[{"taxonomy":"category","embeddable":true,"href":"https:\/\/www.uninter.com\/radio\/wp-json\/wp\/v2\/categories?post=31306"},{"taxonomy":"post_tag","embeddable":true,"href":"https:\/\/www.uninter.com\/radio\/wp-json\/wp\/v2\/tags?post=31306"}],"curies":[{"name":"wp","href":"https:\/\/api.w.org\/{rel}","templated":true}]}}