{"id":31273,"date":"2021-05-22T16:54:17","date_gmt":"2021-05-22T19:54:17","guid":{"rendered":"https:\/\/www.uninter.com\/radio\/?p=31273"},"modified":"2021-05-22T16:54:17","modified_gmt":"2021-05-22T19:54:17","slug":"transito-e-mobilidade-18","status":"publish","type":"post","link":"https:\/\/www.uninter.com\/radio\/transito-e-mobilidade-18","title":{"rendered":"Tr\u00e2nsito e Mobilidade #18"},"content":{"rendered":"<div dir=\"auto\">No programa Tr\u00e2nsito e Mobilidade da vez voc\u00ea confere uma conversa sobre &#8220;Gest\u00e3o do tr\u00e2nsito e as a\u00e7\u00f5es inteligentes&#8221;<\/div>\n<div dir=\"auto\">Para o bate-papo recebemos Cleumar Paulo Farias, Coordenador de tr\u00e2nsito de secretaria municipal de seguran\u00e7a p\u00fablica de Foz do Igua\u00e7u.<\/div>\n<div dir=\"auto\">Acompanhe!<\/div>\n<!--[if lt IE 9]><script>document.createElement('audio');<\/script><![endif]-->\n<audio class=\"wp-audio-shortcode\" id=\"audio-31273-1\" preload=\"none\" style=\"width: 100%;\" controls=\"controls\"><source type=\"audio\/mpeg\" src=\"https:\/\/www.uninter.com\/radio\/wp-content\/uploads\/2021\/05\/transito-e-mobilidade-07_05_2021_mixagem.mp3?_=1\" \/><a href=\"https:\/\/www.uninter.com\/radio\/wp-content\/uploads\/2021\/05\/transito-e-mobilidade-07_05_2021_mixagem.mp3\">https:\/\/www.uninter.com\/radio\/wp-content\/uploads\/2021\/05\/transito-e-mobilidade-07_05_2021_mixagem.mp3<\/a><\/audio>\n","protected":false},"excerpt":{"rendered":"<p>No programa Tr\u00e2nsito e Mobilidade da vez voc\u00ea confere uma conversa sobre &#8220;Gest\u00e3o do tr\u00e2nsito&#8230;<\/p>\n","protected":false},"author":3,"featured_media":31097,"comment_status":"open","ping_status":"open","sticky":false,"template":"","format":"standard","meta":[],"categories":[2718],"tags":[],"_links":{"self":[{"href":"https:\/\/www.uninter.com\/radio\/wp-json\/wp\/v2\/posts\/31273"}],"collection":[{"href":"https:\/\/www.uninter.com\/radio\/wp-json\/wp\/v2\/posts"}],"about":[{"href":"https:\/\/www.uninter.com\/radio\/wp-json\/wp\/v2\/types\/post"}],"author":[{"embeddable":true,"href":"https:\/\/www.uninter.com\/radio\/wp-json\/wp\/v2\/users\/3"}],"replies":[{"embeddable":true,"href":"https:\/\/www.uninter.com\/radio\/wp-json\/wp\/v2\/comments?post=31273"}],"version-history":[{"count":1,"href":"https:\/\/www.uninter.com\/radio\/wp-json\/wp\/v2\/posts\/31273\/revisions"}],"predecessor-version":[{"id":31275,"href":"https:\/\/www.uninter.com\/radio\/wp-json\/wp\/v2\/posts\/31273\/revisions\/31275"}],"wp:featuredmedia":[{"embeddable":true,"href":"https:\/\/www.uninter.com\/radio\/wp-json\/wp\/v2\/media\/31097"}],"wp:attachment":[{"href":"https:\/\/www.uninter.com\/radio\/wp-json\/wp\/v2\/media?parent=31273"}],"wp:term":[{"taxonomy":"category","embeddable":true,"href":"https:\/\/www.uninter.com\/radio\/wp-json\/wp\/v2\/categories?post=31273"},{"taxonomy":"post_tag","embeddable":true,"href":"https:\/\/www.uninter.com\/radio\/wp-json\/wp\/v2\/tags?post=31273"}],"curies":[{"name":"wp","href":"https:\/\/api.w.org\/{rel}","templated":true}]}}