{"id":31189,"date":"2021-05-07T10:51:09","date_gmt":"2021-05-07T13:51:09","guid":{"rendered":"https:\/\/www.uninter.com\/radio\/?p=31189"},"modified":"2021-05-07T10:51:09","modified_gmt":"2021-05-07T13:51:09","slug":"transito-e-mobilidade-17","status":"publish","type":"post","link":"https:\/\/www.uninter.com\/radio\/transito-e-mobilidade-17","title":{"rendered":"Tr\u00e2nsito e Mobilidade #17"},"content":{"rendered":"<div dir=\"auto\">Logo mais entramos no pr\u00f3ximo m\u00eas e por isso o Tr\u00e2nsito e Mobilidade da vez fala sobre a campanha Maio Amarelo 2021.<\/div>\n<div dir=\"auto\">Para falar sobre o assunto, recebemos Mauro Gil Meger, Diretor vice-presidente do OBSERVAT\u00d3RIO Nacional de Seguran\u00e7a Vi\u00e1ria \u2013 ONSV.<\/div>\n<div dir=\"auto\">Acompanhe!<\/div>\n<!--[if lt IE 9]><script>document.createElement('audio');<\/script><![endif]-->\n<audio class=\"wp-audio-shortcode\" id=\"audio-31189-1\" preload=\"none\" style=\"width: 100%;\" controls=\"controls\"><source type=\"audio\/mpeg\" src=\"https:\/\/www.uninter.com\/radio\/wp-content\/uploads\/2021\/05\/transito-e-mobilidade-30_04_2021_mixagem.mp3?_=1\" \/><a href=\"https:\/\/www.uninter.com\/radio\/wp-content\/uploads\/2021\/05\/transito-e-mobilidade-30_04_2021_mixagem.mp3\">https:\/\/www.uninter.com\/radio\/wp-content\/uploads\/2021\/05\/transito-e-mobilidade-30_04_2021_mixagem.mp3<\/a><\/audio>\n","protected":false},"excerpt":{"rendered":"<p>Logo mais entramos no pr\u00f3ximo m\u00eas e por isso o Tr\u00e2nsito e Mobilidade da vez&#8230;<\/p>\n","protected":false},"author":3,"featured_media":31097,"comment_status":"open","ping_status":"open","sticky":false,"template":"","format":"standard","meta":[],"categories":[2718],"tags":[],"_links":{"self":[{"href":"https:\/\/www.uninter.com\/radio\/wp-json\/wp\/v2\/posts\/31189"}],"collection":[{"href":"https:\/\/www.uninter.com\/radio\/wp-json\/wp\/v2\/posts"}],"about":[{"href":"https:\/\/www.uninter.com\/radio\/wp-json\/wp\/v2\/types\/post"}],"author":[{"embeddable":true,"href":"https:\/\/www.uninter.com\/radio\/wp-json\/wp\/v2\/users\/3"}],"replies":[{"embeddable":true,"href":"https:\/\/www.uninter.com\/radio\/wp-json\/wp\/v2\/comments?post=31189"}],"version-history":[{"count":1,"href":"https:\/\/www.uninter.com\/radio\/wp-json\/wp\/v2\/posts\/31189\/revisions"}],"predecessor-version":[{"id":31191,"href":"https:\/\/www.uninter.com\/radio\/wp-json\/wp\/v2\/posts\/31189\/revisions\/31191"}],"wp:featuredmedia":[{"embeddable":true,"href":"https:\/\/www.uninter.com\/radio\/wp-json\/wp\/v2\/media\/31097"}],"wp:attachment":[{"href":"https:\/\/www.uninter.com\/radio\/wp-json\/wp\/v2\/media?parent=31189"}],"wp:term":[{"taxonomy":"category","embeddable":true,"href":"https:\/\/www.uninter.com\/radio\/wp-json\/wp\/v2\/categories?post=31189"},{"taxonomy":"post_tag","embeddable":true,"href":"https:\/\/www.uninter.com\/radio\/wp-json\/wp\/v2\/tags?post=31189"}],"curies":[{"name":"wp","href":"https:\/\/api.w.org\/{rel}","templated":true}]}}