{"id":31104,"date":"2021-04-27T09:23:56","date_gmt":"2021-04-27T12:23:56","guid":{"rendered":"https:\/\/www.uninter.com\/radio\/?p=31104"},"modified":"2021-04-27T09:23:56","modified_gmt":"2021-04-27T12:23:56","slug":"inclusao-em-rede-37","status":"publish","type":"post","link":"https:\/\/www.uninter.com\/radio\/inclusao-em-rede-37","title":{"rendered":"Inclus\u00e3o em Rede #37"},"content":{"rendered":"<div dir=\"auto\">O Inclus\u00e3o em Rede da vez vai te contar tudo sobre o Instituto &#8220;Eu tenho nome&#8221;<\/div>\n<div dir=\"auto\">Voc\u00ea fica sabendo de tudo com a Jornalista e ativista na inclus\u00e3o de pessoas com defici\u00eancia, Fernanda Bruni.<\/div>\n<div dir=\"auto\">Acompanhe!<\/div>\n<!--[if lt IE 9]><script>document.createElement('audio');<\/script><![endif]-->\n<audio class=\"wp-audio-shortcode\" id=\"audio-31104-1\" preload=\"none\" style=\"width: 100%;\" controls=\"controls\"><source type=\"audio\/mpeg\" src=\"https:\/\/www.uninter.com\/radio\/wp-content\/uploads\/2021\/04\/inclus\u00e3o-em-rede-23_04_2021_mixagem-online-audio-converter.com_.mp3?_=1\" \/><a href=\"https:\/\/www.uninter.com\/radio\/wp-content\/uploads\/2021\/04\/inclus\u00e3o-em-rede-23_04_2021_mixagem-online-audio-converter.com_.mp3\">https:\/\/www.uninter.com\/radio\/wp-content\/uploads\/2021\/04\/inclus\u00e3o-em-rede-23_04_2021_mixagem-online-audio-converter.com_.mp3<\/a><\/audio>\n","protected":false},"excerpt":{"rendered":"<p>O Inclus\u00e3o em Rede da vez vai te contar tudo sobre o Instituto &#8220;Eu tenho&#8230;<\/p>\n","protected":false},"author":3,"featured_media":31105,"comment_status":"open","ping_status":"open","sticky":false,"template":"","format":"standard","meta":[],"categories":[2727],"tags":[],"_links":{"self":[{"href":"https:\/\/www.uninter.com\/radio\/wp-json\/wp\/v2\/posts\/31104"}],"collection":[{"href":"https:\/\/www.uninter.com\/radio\/wp-json\/wp\/v2\/posts"}],"about":[{"href":"https:\/\/www.uninter.com\/radio\/wp-json\/wp\/v2\/types\/post"}],"author":[{"embeddable":true,"href":"https:\/\/www.uninter.com\/radio\/wp-json\/wp\/v2\/users\/3"}],"replies":[{"embeddable":true,"href":"https:\/\/www.uninter.com\/radio\/wp-json\/wp\/v2\/comments?post=31104"}],"version-history":[{"count":1,"href":"https:\/\/www.uninter.com\/radio\/wp-json\/wp\/v2\/posts\/31104\/revisions"}],"predecessor-version":[{"id":31107,"href":"https:\/\/www.uninter.com\/radio\/wp-json\/wp\/v2\/posts\/31104\/revisions\/31107"}],"wp:featuredmedia":[{"embeddable":true,"href":"https:\/\/www.uninter.com\/radio\/wp-json\/wp\/v2\/media\/31105"}],"wp:attachment":[{"href":"https:\/\/www.uninter.com\/radio\/wp-json\/wp\/v2\/media?parent=31104"}],"wp:term":[{"taxonomy":"category","embeddable":true,"href":"https:\/\/www.uninter.com\/radio\/wp-json\/wp\/v2\/categories?post=31104"},{"taxonomy":"post_tag","embeddable":true,"href":"https:\/\/www.uninter.com\/radio\/wp-json\/wp\/v2\/tags?post=31104"}],"curies":[{"name":"wp","href":"https:\/\/api.w.org\/{rel}","templated":true}]}}