{"id":31081,"date":"2021-04-26T16:12:22","date_gmt":"2021-04-26T19:12:22","guid":{"rendered":"https:\/\/www.uninter.com\/radio\/?p=31081"},"modified":"2021-04-26T16:12:22","modified_gmt":"2021-04-26T19:12:22","slug":"chave-interdisciplinar-36","status":"publish","type":"post","link":"https:\/\/www.uninter.com\/radio\/chave-interdisciplinar-36","title":{"rendered":"Chave Interdisciplinar #36"},"content":{"rendered":"<div dir=\"auto\">A Escola Superior de Educa\u00e7\u00e3o apresenta no Chave Interdisciplinar da vez o tema: &#8220;Interdisciplinaridade e pensamento sist\u00eamico&#8221;<\/div>\n<div dir=\"auto\">A conversa ser\u00e1 comandada pelas professoras Renata Garbossa, Maria Tereza e L\u00edliam Martinelli.<\/div>\n<div dir=\"auto\">Acompanhe!<\/div>\n<!--[if lt IE 9]><script>document.createElement('audio');<\/script><![endif]-->\n<audio class=\"wp-audio-shortcode\" id=\"audio-31081-1\" preload=\"none\" style=\"width: 100%;\" controls=\"controls\"><source type=\"audio\/mpeg\" src=\"https:\/\/www.uninter.com\/radio\/wp-content\/uploads\/2021\/04\/chave-22_04_2021_mixagem.mp3?_=1\" \/><a href=\"https:\/\/www.uninter.com\/radio\/wp-content\/uploads\/2021\/04\/chave-22_04_2021_mixagem.mp3\">https:\/\/www.uninter.com\/radio\/wp-content\/uploads\/2021\/04\/chave-22_04_2021_mixagem.mp3<\/a><\/audio>\n","protected":false},"excerpt":{"rendered":"<p>A Escola Superior de Educa\u00e7\u00e3o apresenta no Chave Interdisciplinar da vez o tema: &#8220;Interdisciplinaridade e&#8230;<\/p>\n","protected":false},"author":3,"featured_media":30514,"comment_status":"open","ping_status":"open","sticky":false,"template":"","format":"standard","meta":[],"categories":[2735],"tags":[],"_links":{"self":[{"href":"https:\/\/www.uninter.com\/radio\/wp-json\/wp\/v2\/posts\/31081"}],"collection":[{"href":"https:\/\/www.uninter.com\/radio\/wp-json\/wp\/v2\/posts"}],"about":[{"href":"https:\/\/www.uninter.com\/radio\/wp-json\/wp\/v2\/types\/post"}],"author":[{"embeddable":true,"href":"https:\/\/www.uninter.com\/radio\/wp-json\/wp\/v2\/users\/3"}],"replies":[{"embeddable":true,"href":"https:\/\/www.uninter.com\/radio\/wp-json\/wp\/v2\/comments?post=31081"}],"version-history":[{"count":1,"href":"https:\/\/www.uninter.com\/radio\/wp-json\/wp\/v2\/posts\/31081\/revisions"}],"predecessor-version":[{"id":31083,"href":"https:\/\/www.uninter.com\/radio\/wp-json\/wp\/v2\/posts\/31081\/revisions\/31083"}],"wp:featuredmedia":[{"embeddable":true,"href":"https:\/\/www.uninter.com\/radio\/wp-json\/wp\/v2\/media\/30514"}],"wp:attachment":[{"href":"https:\/\/www.uninter.com\/radio\/wp-json\/wp\/v2\/media?parent=31081"}],"wp:term":[{"taxonomy":"category","embeddable":true,"href":"https:\/\/www.uninter.com\/radio\/wp-json\/wp\/v2\/categories?post=31081"},{"taxonomy":"post_tag","embeddable":true,"href":"https:\/\/www.uninter.com\/radio\/wp-json\/wp\/v2\/tags?post=31081"}],"curies":[{"name":"wp","href":"https:\/\/api.w.org\/{rel}","templated":true}]}}