{"id":31075,"date":"2021-04-26T16:06:43","date_gmt":"2021-04-26T19:06:43","guid":{"rendered":"https:\/\/www.uninter.com\/radio\/?p=31075"},"modified":"2021-04-26T16:06:43","modified_gmt":"2021-04-26T19:06:43","slug":"memoria-viva-56","status":"publish","type":"post","link":"https:\/\/www.uninter.com\/radio\/memoria-viva-56","title":{"rendered":"Mem\u00f3ria Viva #56"},"content":{"rendered":"<div dir=\"auto\">A edi\u00e7\u00e3o da vez do programa Mem\u00f3ria Viva vai te contar a hist\u00f3ria da Francieli Carvalho Castro, do setor Escola de Polos.<\/div>\n<div dir=\"auto\">Acompanhe!<\/div>\n<!--[if lt IE 9]><script>document.createElement('audio');<\/script><![endif]-->\n<audio class=\"wp-audio-shortcode\" id=\"audio-31075-1\" preload=\"none\" style=\"width: 100%;\" controls=\"controls\"><source type=\"audio\/mpeg\" src=\"https:\/\/www.uninter.com\/radio\/wp-content\/uploads\/2021\/04\/memoria-viva-22_04_2021_mixagem.mp3?_=1\" \/><a href=\"https:\/\/www.uninter.com\/radio\/wp-content\/uploads\/2021\/04\/memoria-viva-22_04_2021_mixagem.mp3\">https:\/\/www.uninter.com\/radio\/wp-content\/uploads\/2021\/04\/memoria-viva-22_04_2021_mixagem.mp3<\/a><\/audio>\n","protected":false},"excerpt":{"rendered":"<p>A edi\u00e7\u00e3o da vez do programa Mem\u00f3ria Viva vai te contar a hist\u00f3ria da Francieli&#8230;<\/p>\n","protected":false},"author":3,"featured_media":30533,"comment_status":"open","ping_status":"open","sticky":false,"template":"","format":"standard","meta":[],"categories":[2712],"tags":[],"_links":{"self":[{"href":"https:\/\/www.uninter.com\/radio\/wp-json\/wp\/v2\/posts\/31075"}],"collection":[{"href":"https:\/\/www.uninter.com\/radio\/wp-json\/wp\/v2\/posts"}],"about":[{"href":"https:\/\/www.uninter.com\/radio\/wp-json\/wp\/v2\/types\/post"}],"author":[{"embeddable":true,"href":"https:\/\/www.uninter.com\/radio\/wp-json\/wp\/v2\/users\/3"}],"replies":[{"embeddable":true,"href":"https:\/\/www.uninter.com\/radio\/wp-json\/wp\/v2\/comments?post=31075"}],"version-history":[{"count":1,"href":"https:\/\/www.uninter.com\/radio\/wp-json\/wp\/v2\/posts\/31075\/revisions"}],"predecessor-version":[{"id":31077,"href":"https:\/\/www.uninter.com\/radio\/wp-json\/wp\/v2\/posts\/31075\/revisions\/31077"}],"wp:featuredmedia":[{"embeddable":true,"href":"https:\/\/www.uninter.com\/radio\/wp-json\/wp\/v2\/media\/30533"}],"wp:attachment":[{"href":"https:\/\/www.uninter.com\/radio\/wp-json\/wp\/v2\/media?parent=31075"}],"wp:term":[{"taxonomy":"category","embeddable":true,"href":"https:\/\/www.uninter.com\/radio\/wp-json\/wp\/v2\/categories?post=31075"},{"taxonomy":"post_tag","embeddable":true,"href":"https:\/\/www.uninter.com\/radio\/wp-json\/wp\/v2\/tags?post=31075"}],"curies":[{"name":"wp","href":"https:\/\/api.w.org\/{rel}","templated":true}]}}