{"id":31062,"date":"2021-04-22T08:26:27","date_gmt":"2021-04-22T11:26:27","guid":{"rendered":"https:\/\/www.uninter.com\/radio\/?p=31062"},"modified":"2021-04-22T08:26:27","modified_gmt":"2021-04-22T11:26:27","slug":"brasil-nosso-pais-em-transformacao-36","status":"publish","type":"post","link":"https:\/\/www.uninter.com\/radio\/brasil-nosso-pais-em-transformacao-36","title":{"rendered":"Brasil: nosso pa\u00eds em transforma\u00e7\u00e3o #36"},"content":{"rendered":"<div dir=\"auto\">Neste epis\u00f3dio do\u00a0programa Brasil: nosso pa\u00eds em transforma\u00e7\u00e3o\u00a0falamos sobre &#8220;A vis\u00e3o da igreja diante da problem\u00e1tica ambiental&#8221;.<\/div>\n<div dir=\"auto\">O convidado \u00e9 o Pastor M\u00e1rcio Moreira dos Santos.<\/div>\n<div dir=\"auto\">Acompanhe!<\/div>\n<!--[if lt IE 9]><script>document.createElement('audio');<\/script><![endif]-->\n<audio class=\"wp-audio-shortcode\" id=\"audio-31062-1\" preload=\"none\" style=\"width: 100%;\" controls=\"controls\"><source type=\"audio\/mpeg\" src=\"https:\/\/www.uninter.com\/radio\/wp-content\/uploads\/2021\/04\/brasil-20_04_2021_mixagem.mp3?_=1\" \/><a href=\"https:\/\/www.uninter.com\/radio\/wp-content\/uploads\/2021\/04\/brasil-20_04_2021_mixagem.mp3\">https:\/\/www.uninter.com\/radio\/wp-content\/uploads\/2021\/04\/brasil-20_04_2021_mixagem.mp3<\/a><\/audio>\n","protected":false},"excerpt":{"rendered":"<p>Neste epis\u00f3dio do\u00a0programa Brasil: nosso pa\u00eds em transforma\u00e7\u00e3o\u00a0falamos sobre &#8220;A vis\u00e3o da igreja diante da&#8230;<\/p>\n","protected":false},"author":3,"featured_media":30512,"comment_status":"open","ping_status":"open","sticky":false,"template":"","format":"standard","meta":[],"categories":[2717],"tags":[],"_links":{"self":[{"href":"https:\/\/www.uninter.com\/radio\/wp-json\/wp\/v2\/posts\/31062"}],"collection":[{"href":"https:\/\/www.uninter.com\/radio\/wp-json\/wp\/v2\/posts"}],"about":[{"href":"https:\/\/www.uninter.com\/radio\/wp-json\/wp\/v2\/types\/post"}],"author":[{"embeddable":true,"href":"https:\/\/www.uninter.com\/radio\/wp-json\/wp\/v2\/users\/3"}],"replies":[{"embeddable":true,"href":"https:\/\/www.uninter.com\/radio\/wp-json\/wp\/v2\/comments?post=31062"}],"version-history":[{"count":1,"href":"https:\/\/www.uninter.com\/radio\/wp-json\/wp\/v2\/posts\/31062\/revisions"}],"predecessor-version":[{"id":31064,"href":"https:\/\/www.uninter.com\/radio\/wp-json\/wp\/v2\/posts\/31062\/revisions\/31064"}],"wp:featuredmedia":[{"embeddable":true,"href":"https:\/\/www.uninter.com\/radio\/wp-json\/wp\/v2\/media\/30512"}],"wp:attachment":[{"href":"https:\/\/www.uninter.com\/radio\/wp-json\/wp\/v2\/media?parent=31062"}],"wp:term":[{"taxonomy":"category","embeddable":true,"href":"https:\/\/www.uninter.com\/radio\/wp-json\/wp\/v2\/categories?post=31062"},{"taxonomy":"post_tag","embeddable":true,"href":"https:\/\/www.uninter.com\/radio\/wp-json\/wp\/v2\/tags?post=31062"}],"curies":[{"name":"wp","href":"https:\/\/api.w.org\/{rel}","templated":true}]}}