{"id":31053,"date":"2021-04-22T08:10:57","date_gmt":"2021-04-22T11:10:57","guid":{"rendered":"https:\/\/www.uninter.com\/radio\/?p=31053"},"modified":"2021-04-22T08:10:57","modified_gmt":"2021-04-22T11:10:57","slug":"talento-em-foco-40","status":"publish","type":"post","link":"https:\/\/www.uninter.com\/radio\/talento-em-foco-40","title":{"rendered":"Talento em Foco #40"},"content":{"rendered":"<div dir=\"auto\">A aposentadoria \u00e9 uma remunera\u00e7\u00e3o recebida mensalmente pela pessoa que cumpriu a quantidade de anos exigida de trabalho.<\/div>\n<div dir=\"auto\">E nesta edi\u00e7\u00e3o do programa Talento em Foco\u00a0falamos sobre &#8220;a import\u00e2ncia de planejar a aposentadoria&#8221;<\/div>\n<div dir=\"auto\">Para isso, \u00c9rika Lotz, Barbara Carvalho e Evandro Tosin recebem a Doutora, Silvia Regina Siqueira.<\/div>\n<div dir=\"auto\">Acompanhe!<\/div>\n<!--[if lt IE 9]><script>document.createElement('audio');<\/script><![endif]-->\n<audio class=\"wp-audio-shortcode\" id=\"audio-31053-1\" preload=\"none\" style=\"width: 100%;\" controls=\"controls\"><source type=\"audio\/mpeg\" src=\"https:\/\/www.uninter.com\/radio\/wp-content\/uploads\/2021\/04\/talento-em-foco-19_04_2021_mixagem.mp3?_=1\" \/><a href=\"https:\/\/www.uninter.com\/radio\/wp-content\/uploads\/2021\/04\/talento-em-foco-19_04_2021_mixagem.mp3\">https:\/\/www.uninter.com\/radio\/wp-content\/uploads\/2021\/04\/talento-em-foco-19_04_2021_mixagem.mp3<\/a><\/audio>\n","protected":false},"excerpt":{"rendered":"<p>A aposentadoria \u00e9 uma remunera\u00e7\u00e3o recebida mensalmente pela pessoa que cumpriu a quantidade de anos&#8230;<\/p>\n","protected":false},"author":3,"featured_media":30543,"comment_status":"open","ping_status":"open","sticky":false,"template":"","format":"standard","meta":[],"categories":[2723],"tags":[],"_links":{"self":[{"href":"https:\/\/www.uninter.com\/radio\/wp-json\/wp\/v2\/posts\/31053"}],"collection":[{"href":"https:\/\/www.uninter.com\/radio\/wp-json\/wp\/v2\/posts"}],"about":[{"href":"https:\/\/www.uninter.com\/radio\/wp-json\/wp\/v2\/types\/post"}],"author":[{"embeddable":true,"href":"https:\/\/www.uninter.com\/radio\/wp-json\/wp\/v2\/users\/3"}],"replies":[{"embeddable":true,"href":"https:\/\/www.uninter.com\/radio\/wp-json\/wp\/v2\/comments?post=31053"}],"version-history":[{"count":1,"href":"https:\/\/www.uninter.com\/radio\/wp-json\/wp\/v2\/posts\/31053\/revisions"}],"predecessor-version":[{"id":31055,"href":"https:\/\/www.uninter.com\/radio\/wp-json\/wp\/v2\/posts\/31053\/revisions\/31055"}],"wp:featuredmedia":[{"embeddable":true,"href":"https:\/\/www.uninter.com\/radio\/wp-json\/wp\/v2\/media\/30543"}],"wp:attachment":[{"href":"https:\/\/www.uninter.com\/radio\/wp-json\/wp\/v2\/media?parent=31053"}],"wp:term":[{"taxonomy":"category","embeddable":true,"href":"https:\/\/www.uninter.com\/radio\/wp-json\/wp\/v2\/categories?post=31053"},{"taxonomy":"post_tag","embeddable":true,"href":"https:\/\/www.uninter.com\/radio\/wp-json\/wp\/v2\/tags?post=31053"}],"curies":[{"name":"wp","href":"https:\/\/api.w.org\/{rel}","templated":true}]}}