{"id":31047,"date":"2021-04-16T18:18:51","date_gmt":"2021-04-16T21:18:51","guid":{"rendered":"https:\/\/www.uninter.com\/radio\/?p=31047"},"modified":"2021-04-16T18:18:51","modified_gmt":"2021-04-16T21:18:51","slug":"inclusao-em-rede-36","status":"publish","type":"post","link":"https:\/\/www.uninter.com\/radio\/inclusao-em-rede-36","title":{"rendered":"Inclus\u00e3o em Rede #36"},"content":{"rendered":"<div dir=\"auto\">A edi\u00e7\u00e3o da vez do Inclus\u00e3o em Rede te leva a descobrir mais sobre &#8220;a \u00e1rea da defici\u00eancia visual&#8221;.<\/div>\n<div dir=\"auto\">Para falar sobre o assunto, recebemos Miria Fagundes (especialista na \u00e1rea da defici\u00eancia visual e surdocegueira).<\/div>\n<div dir=\"auto\">Acompanhe e participe!<\/div>\n<!--[if lt IE 9]><script>document.createElement('audio');<\/script><![endif]-->\n<audio class=\"wp-audio-shortcode\" id=\"audio-31047-1\" preload=\"none\" style=\"width: 100%;\" controls=\"controls\"><source type=\"audio\/mpeg\" src=\"https:\/\/www.uninter.com\/radio\/wp-content\/uploads\/2021\/04\/inclus\u00e3o-em-rede-16_04_2021_mixagem-online-audio-converter.com_.mp3?_=1\" \/><a href=\"https:\/\/www.uninter.com\/radio\/wp-content\/uploads\/2021\/04\/inclus\u00e3o-em-rede-16_04_2021_mixagem-online-audio-converter.com_.mp3\">https:\/\/www.uninter.com\/radio\/wp-content\/uploads\/2021\/04\/inclus\u00e3o-em-rede-16_04_2021_mixagem-online-audio-converter.com_.mp3<\/a><\/audio>\n","protected":false},"excerpt":{"rendered":"<p>A edi\u00e7\u00e3o da vez do Inclus\u00e3o em Rede te leva a descobrir mais sobre &#8220;a&#8230;<\/p>\n","protected":false},"author":3,"featured_media":30530,"comment_status":"open","ping_status":"open","sticky":false,"template":"","format":"standard","meta":[],"categories":[2727],"tags":[],"_links":{"self":[{"href":"https:\/\/www.uninter.com\/radio\/wp-json\/wp\/v2\/posts\/31047"}],"collection":[{"href":"https:\/\/www.uninter.com\/radio\/wp-json\/wp\/v2\/posts"}],"about":[{"href":"https:\/\/www.uninter.com\/radio\/wp-json\/wp\/v2\/types\/post"}],"author":[{"embeddable":true,"href":"https:\/\/www.uninter.com\/radio\/wp-json\/wp\/v2\/users\/3"}],"replies":[{"embeddable":true,"href":"https:\/\/www.uninter.com\/radio\/wp-json\/wp\/v2\/comments?post=31047"}],"version-history":[{"count":1,"href":"https:\/\/www.uninter.com\/radio\/wp-json\/wp\/v2\/posts\/31047\/revisions"}],"predecessor-version":[{"id":31049,"href":"https:\/\/www.uninter.com\/radio\/wp-json\/wp\/v2\/posts\/31047\/revisions\/31049"}],"wp:featuredmedia":[{"embeddable":true,"href":"https:\/\/www.uninter.com\/radio\/wp-json\/wp\/v2\/media\/30530"}],"wp:attachment":[{"href":"https:\/\/www.uninter.com\/radio\/wp-json\/wp\/v2\/media?parent=31047"}],"wp:term":[{"taxonomy":"category","embeddable":true,"href":"https:\/\/www.uninter.com\/radio\/wp-json\/wp\/v2\/categories?post=31047"},{"taxonomy":"post_tag","embeddable":true,"href":"https:\/\/www.uninter.com\/radio\/wp-json\/wp\/v2\/tags?post=31047"}],"curies":[{"name":"wp","href":"https:\/\/api.w.org\/{rel}","templated":true}]}}