{"id":31035,"date":"2021-04-16T15:49:03","date_gmt":"2021-04-16T18:49:03","guid":{"rendered":"https:\/\/www.uninter.com\/radio\/?p=31035"},"modified":"2021-04-16T15:49:03","modified_gmt":"2021-04-16T18:49:03","slug":"conversa-com-o-reitor-45","status":"publish","type":"post","link":"https:\/\/www.uninter.com\/radio\/conversa-com-o-reitor-45","title":{"rendered":"Conversa com o Reitor #45"},"content":{"rendered":"<div dir=\"auto\">Est\u00e3o chegando mais hist\u00f3rias que comemoram 25 anos do Centro Universit\u00e1rio Internacional Uninter. Nessa semana no Programa Conversa com o Reitor ser\u00e1 o momento para conhecermos mais tr\u00eas finalistas do &#8220;Concurso cultural hist\u00f3rias que fazem a nossa hist\u00f3ria&#8221;. O Reitor da Uninter Benhur Gaio ir\u00e1 conversar com os estudantes Giovana Talamini (Curitiba-PR), Magnos Silveira (Pelotas-RS) e Lorena Melirra da Silva (Taguatinga-DF). Acompanhe para conhecer mais hist\u00f3rias!<\/div>\n<div dir=\"auto\"><\/div>\n<!--[if lt IE 9]><script>document.createElement('audio');<\/script><![endif]-->\n<audio class=\"wp-audio-shortcode\" id=\"audio-31035-1\" preload=\"none\" style=\"width: 100%;\" controls=\"controls\"><source type=\"audio\/mpeg\" src=\"https:\/\/www.uninter.com\/radio\/wp-content\/uploads\/2021\/04\/conversa-com-o-reitor-16_04_2021_mixagem.mp3?_=1\" \/><a href=\"https:\/\/www.uninter.com\/radio\/wp-content\/uploads\/2021\/04\/conversa-com-o-reitor-16_04_2021_mixagem.mp3\">https:\/\/www.uninter.com\/radio\/wp-content\/uploads\/2021\/04\/conversa-com-o-reitor-16_04_2021_mixagem.mp3<\/a><\/audio>\n","protected":false},"excerpt":{"rendered":"<p>Est\u00e3o chegando mais hist\u00f3rias que comemoram 25 anos do Centro Universit\u00e1rio Internacional Uninter. Nessa semana&#8230;<\/p>\n","protected":false},"author":3,"featured_media":30517,"comment_status":"open","ping_status":"open","sticky":false,"template":"","format":"standard","meta":[],"categories":[2724],"tags":[],"_links":{"self":[{"href":"https:\/\/www.uninter.com\/radio\/wp-json\/wp\/v2\/posts\/31035"}],"collection":[{"href":"https:\/\/www.uninter.com\/radio\/wp-json\/wp\/v2\/posts"}],"about":[{"href":"https:\/\/www.uninter.com\/radio\/wp-json\/wp\/v2\/types\/post"}],"author":[{"embeddable":true,"href":"https:\/\/www.uninter.com\/radio\/wp-json\/wp\/v2\/users\/3"}],"replies":[{"embeddable":true,"href":"https:\/\/www.uninter.com\/radio\/wp-json\/wp\/v2\/comments?post=31035"}],"version-history":[{"count":1,"href":"https:\/\/www.uninter.com\/radio\/wp-json\/wp\/v2\/posts\/31035\/revisions"}],"predecessor-version":[{"id":31037,"href":"https:\/\/www.uninter.com\/radio\/wp-json\/wp\/v2\/posts\/31035\/revisions\/31037"}],"wp:featuredmedia":[{"embeddable":true,"href":"https:\/\/www.uninter.com\/radio\/wp-json\/wp\/v2\/media\/30517"}],"wp:attachment":[{"href":"https:\/\/www.uninter.com\/radio\/wp-json\/wp\/v2\/media?parent=31035"}],"wp:term":[{"taxonomy":"category","embeddable":true,"href":"https:\/\/www.uninter.com\/radio\/wp-json\/wp\/v2\/categories?post=31035"},{"taxonomy":"post_tag","embeddable":true,"href":"https:\/\/www.uninter.com\/radio\/wp-json\/wp\/v2\/tags?post=31035"}],"curies":[{"name":"wp","href":"https:\/\/api.w.org\/{rel}","templated":true}]}}