{"id":31032,"date":"2021-04-16T15:47:13","date_gmt":"2021-04-16T18:47:13","guid":{"rendered":"https:\/\/www.uninter.com\/radio\/?p=31032"},"modified":"2021-04-16T15:47:13","modified_gmt":"2021-04-16T18:47:13","slug":"diversos-da-pos-31","status":"publish","type":"post","link":"https:\/\/www.uninter.com\/radio\/diversos-da-pos-31","title":{"rendered":"Diversos da P\u00f3s #31"},"content":{"rendered":"<div class=\"kvgmc6g5 cxmmr5t8 oygrvhab hcukyx3x c1et5uql\">\n<div dir=\"auto\">A doen\u00e7a de chagas \u00e9 infecciosa e causada pelo inseto barbeiro.<\/div>\n<div dir=\"auto\">&#8220;Dia Mundial da Doen\u00e7a de Chagas&#8221; \u00e9 o tema do Diversos da p\u00f3s da vez, e vamos debater o assunto com os professores Oriana Gaio, Willian Sales e Ana Paula Coimbra.<\/div>\n<div dir=\"auto\">Acompanhe e participe!<\/div>\n<\/div>\n<div class=\"o9v6fnle cxmmr5t8 oygrvhab hcukyx3x c1et5uql\"><\/div>\n<!--[if lt IE 9]><script>document.createElement('audio');<\/script><![endif]-->\n<audio class=\"wp-audio-shortcode\" id=\"audio-31032-1\" preload=\"none\" style=\"width: 100%;\" controls=\"controls\"><source type=\"audio\/mpeg\" src=\"https:\/\/www.uninter.com\/radio\/wp-content\/uploads\/2021\/04\/diversos-da-p\u00f3s-15_04_2021_mixagem.mp3?_=1\" \/><a href=\"https:\/\/www.uninter.com\/radio\/wp-content\/uploads\/2021\/04\/diversos-da-p\u00f3s-15_04_2021_mixagem.mp3\">https:\/\/www.uninter.com\/radio\/wp-content\/uploads\/2021\/04\/diversos-da-p\u00f3s-15_04_2021_mixagem.mp3<\/a><\/audio>\n","protected":false},"excerpt":{"rendered":"<p>A doen\u00e7a de chagas \u00e9 infecciosa e causada pelo inseto barbeiro. &#8220;Dia Mundial da Doen\u00e7a&#8230;<\/p>\n","protected":false},"author":3,"featured_media":30518,"comment_status":"open","ping_status":"open","sticky":false,"template":"","format":"standard","meta":[],"categories":[2704],"tags":[],"_links":{"self":[{"href":"https:\/\/www.uninter.com\/radio\/wp-json\/wp\/v2\/posts\/31032"}],"collection":[{"href":"https:\/\/www.uninter.com\/radio\/wp-json\/wp\/v2\/posts"}],"about":[{"href":"https:\/\/www.uninter.com\/radio\/wp-json\/wp\/v2\/types\/post"}],"author":[{"embeddable":true,"href":"https:\/\/www.uninter.com\/radio\/wp-json\/wp\/v2\/users\/3"}],"replies":[{"embeddable":true,"href":"https:\/\/www.uninter.com\/radio\/wp-json\/wp\/v2\/comments?post=31032"}],"version-history":[{"count":1,"href":"https:\/\/www.uninter.com\/radio\/wp-json\/wp\/v2\/posts\/31032\/revisions"}],"predecessor-version":[{"id":31034,"href":"https:\/\/www.uninter.com\/radio\/wp-json\/wp\/v2\/posts\/31032\/revisions\/31034"}],"wp:featuredmedia":[{"embeddable":true,"href":"https:\/\/www.uninter.com\/radio\/wp-json\/wp\/v2\/media\/30518"}],"wp:attachment":[{"href":"https:\/\/www.uninter.com\/radio\/wp-json\/wp\/v2\/media?parent=31032"}],"wp:term":[{"taxonomy":"category","embeddable":true,"href":"https:\/\/www.uninter.com\/radio\/wp-json\/wp\/v2\/categories?post=31032"},{"taxonomy":"post_tag","embeddable":true,"href":"https:\/\/www.uninter.com\/radio\/wp-json\/wp\/v2\/tags?post=31032"}],"curies":[{"name":"wp","href":"https:\/\/api.w.org\/{rel}","templated":true}]}}