{"id":30999,"date":"2021-04-14T17:50:19","date_gmt":"2021-04-14T20:50:19","guid":{"rendered":"https:\/\/www.uninter.com\/radio\/?p=30999"},"modified":"2021-04-14T17:50:19","modified_gmt":"2021-04-14T20:50:19","slug":"conheca-o-seu-direito-25","status":"publish","type":"post","link":"https:\/\/www.uninter.com\/radio\/conheca-o-seu-direito-25","title":{"rendered":"Conhe\u00e7a o seu Direito #25"},"content":{"rendered":"<div dir=\"auto\">O Contrato de Aprendizagem \u00e9 utilizado por empregadores, para feito de emprego, aplic\u00e1vel a menores de idade.<\/div>\n<div dir=\"auto\">E no Conhe\u00e7a o seu Direito da vez vamos falar sobre suas caracter\u00edsticas perante a legisla\u00e7\u00e3o.<\/div>\n<div dir=\"auto\">Ficou curioso? Ent\u00e3o acompanhe a conversa com os professores Silvano Alcantara e Priscilla Bortolotto.<\/div>\n<div dir=\"auto\">Participe!<\/div>\n<!--[if lt IE 9]><script>document.createElement('audio');<\/script><![endif]-->\n<audio class=\"wp-audio-shortcode\" id=\"audio-30999-1\" preload=\"none\" style=\"width: 100%;\" controls=\"controls\"><source type=\"audio\/mpeg\" src=\"https:\/\/www.uninter.com\/radio\/wp-content\/uploads\/2021\/04\/conversa-com-o-reitor-12_02_mixagem.mp3?_=1\" \/><a href=\"https:\/\/www.uninter.com\/radio\/wp-content\/uploads\/2021\/04\/conversa-com-o-reitor-12_02_mixagem.mp3\">https:\/\/www.uninter.com\/radio\/wp-content\/uploads\/2021\/04\/conversa-com-o-reitor-12_02_mixagem.mp3<\/a><\/audio>\n","protected":false},"excerpt":{"rendered":"<p>O Contrato de Aprendizagem \u00e9 utilizado por empregadores, para feito de emprego, aplic\u00e1vel a menores&#8230;<\/p>\n","protected":false},"author":3,"featured_media":30516,"comment_status":"open","ping_status":"open","sticky":false,"template":"","format":"standard","meta":[],"categories":[2703],"tags":[],"_links":{"self":[{"href":"https:\/\/www.uninter.com\/radio\/wp-json\/wp\/v2\/posts\/30999"}],"collection":[{"href":"https:\/\/www.uninter.com\/radio\/wp-json\/wp\/v2\/posts"}],"about":[{"href":"https:\/\/www.uninter.com\/radio\/wp-json\/wp\/v2\/types\/post"}],"author":[{"embeddable":true,"href":"https:\/\/www.uninter.com\/radio\/wp-json\/wp\/v2\/users\/3"}],"replies":[{"embeddable":true,"href":"https:\/\/www.uninter.com\/radio\/wp-json\/wp\/v2\/comments?post=30999"}],"version-history":[{"count":2,"href":"https:\/\/www.uninter.com\/radio\/wp-json\/wp\/v2\/posts\/30999\/revisions"}],"predecessor-version":[{"id":31002,"href":"https:\/\/www.uninter.com\/radio\/wp-json\/wp\/v2\/posts\/30999\/revisions\/31002"}],"wp:featuredmedia":[{"embeddable":true,"href":"https:\/\/www.uninter.com\/radio\/wp-json\/wp\/v2\/media\/30516"}],"wp:attachment":[{"href":"https:\/\/www.uninter.com\/radio\/wp-json\/wp\/v2\/media?parent=30999"}],"wp:term":[{"taxonomy":"category","embeddable":true,"href":"https:\/\/www.uninter.com\/radio\/wp-json\/wp\/v2\/categories?post=30999"},{"taxonomy":"post_tag","embeddable":true,"href":"https:\/\/www.uninter.com\/radio\/wp-json\/wp\/v2\/tags?post=30999"}],"curies":[{"name":"wp","href":"https:\/\/api.w.org\/{rel}","templated":true}]}}