{"id":30996,"date":"2021-04-14T17:44:28","date_gmt":"2021-04-14T20:44:28","guid":{"rendered":"https:\/\/www.uninter.com\/radio\/?p=30996"},"modified":"2021-04-14T17:44:28","modified_gmt":"2021-04-14T20:44:28","slug":"talento-em-foco-39","status":"publish","type":"post","link":"https:\/\/www.uninter.com\/radio\/talento-em-foco-39","title":{"rendered":"Talento em Foco #39"},"content":{"rendered":"<div dir=\"auto\">O programa Talento em Foco est\u00e1 de volta!<\/div>\n<div dir=\"auto\">E na primeira edi\u00e7\u00e3o de 2021 n\u00f3s te perguntamos, voc\u00ea sabe o que \u00e9 Gig Economy?<\/div>\n<div dir=\"auto\">O conceito de gig economy engloba as formas de emprego alternativo, que v\u00e3o desde a presta\u00e7\u00e3o de servi\u00e7os por aplicativo ou o trabalho de freelancers, por exemplo.<\/div>\n<div dir=\"auto\">Para falar sobre o tema temos, como sempre, \u00c9rika Lotz.<\/div>\n<div dir=\"auto\">Acompanhe e participe!<\/div>\n<!--[if lt IE 9]><script>document.createElement('audio');<\/script><![endif]-->\n<audio class=\"wp-audio-shortcode\" id=\"audio-30996-1\" preload=\"none\" style=\"width: 100%;\" controls=\"controls\"><source type=\"audio\/mpeg\" src=\"https:\/\/www.uninter.com\/radio\/wp-content\/uploads\/2021\/04\/talento-em-foco-12_04_2021_mixagem.mp3?_=1\" \/><a href=\"https:\/\/www.uninter.com\/radio\/wp-content\/uploads\/2021\/04\/talento-em-foco-12_04_2021_mixagem.mp3\">https:\/\/www.uninter.com\/radio\/wp-content\/uploads\/2021\/04\/talento-em-foco-12_04_2021_mixagem.mp3<\/a><\/audio>\n","protected":false},"excerpt":{"rendered":"<p>O programa Talento em Foco est\u00e1 de volta! E na primeira edi\u00e7\u00e3o de 2021 n\u00f3s&#8230;<\/p>\n","protected":false},"author":3,"featured_media":30543,"comment_status":"open","ping_status":"open","sticky":false,"template":"","format":"standard","meta":[],"categories":[2723],"tags":[],"_links":{"self":[{"href":"https:\/\/www.uninter.com\/radio\/wp-json\/wp\/v2\/posts\/30996"}],"collection":[{"href":"https:\/\/www.uninter.com\/radio\/wp-json\/wp\/v2\/posts"}],"about":[{"href":"https:\/\/www.uninter.com\/radio\/wp-json\/wp\/v2\/types\/post"}],"author":[{"embeddable":true,"href":"https:\/\/www.uninter.com\/radio\/wp-json\/wp\/v2\/users\/3"}],"replies":[{"embeddable":true,"href":"https:\/\/www.uninter.com\/radio\/wp-json\/wp\/v2\/comments?post=30996"}],"version-history":[{"count":1,"href":"https:\/\/www.uninter.com\/radio\/wp-json\/wp\/v2\/posts\/30996\/revisions"}],"predecessor-version":[{"id":30998,"href":"https:\/\/www.uninter.com\/radio\/wp-json\/wp\/v2\/posts\/30996\/revisions\/30998"}],"wp:featuredmedia":[{"embeddable":true,"href":"https:\/\/www.uninter.com\/radio\/wp-json\/wp\/v2\/media\/30543"}],"wp:attachment":[{"href":"https:\/\/www.uninter.com\/radio\/wp-json\/wp\/v2\/media?parent=30996"}],"wp:term":[{"taxonomy":"category","embeddable":true,"href":"https:\/\/www.uninter.com\/radio\/wp-json\/wp\/v2\/categories?post=30996"},{"taxonomy":"post_tag","embeddable":true,"href":"https:\/\/www.uninter.com\/radio\/wp-json\/wp\/v2\/tags?post=30996"}],"curies":[{"name":"wp","href":"https:\/\/api.w.org\/{rel}","templated":true}]}}