{"id":30950,"date":"2021-04-11T15:10:17","date_gmt":"2021-04-11T18:10:17","guid":{"rendered":"https:\/\/www.uninter.com\/radio\/?p=30950"},"modified":"2021-04-11T15:10:17","modified_gmt":"2021-04-11T18:10:17","slug":"brasil-nosso-pais-em-transformacao-35","status":"publish","type":"post","link":"https:\/\/www.uninter.com\/radio\/brasil-nosso-pais-em-transformacao-35","title":{"rendered":"Brasil: nosso pa\u00eds em transforma\u00e7\u00e3o #35"},"content":{"rendered":"<div dir=\"auto\">No programa Brasil: nosso pa\u00eds em transforma\u00e7\u00e3o da vez vamos abordar como est\u00e1 a educa\u00e7\u00e3o, especialmente a educa\u00e7\u00e3o ambiental no ensino remoto, e tamb\u00e9m vamos fazer um balan\u00e7o do ensino remoto, em um ano de pandemia.<\/div>\n<div dir=\"auto\">Para isso, contamos com a participa\u00e7\u00e3o das professoras Sandra Lopes e Eliane do Rocio Vieira.<\/div>\n<div dir=\"auto\">Acompanhe!<\/div>\n<!--[if lt IE 9]><script>document.createElement('audio');<\/script><![endif]-->\n<audio class=\"wp-audio-shortcode\" id=\"audio-30950-1\" preload=\"none\" style=\"width: 100%;\" controls=\"controls\"><source type=\"audio\/mpeg\" src=\"https:\/\/www.uninter.com\/radio\/wp-content\/uploads\/2021\/04\/brasil-06_04_2021_mixagem.mp3?_=1\" \/><a href=\"https:\/\/www.uninter.com\/radio\/wp-content\/uploads\/2021\/04\/brasil-06_04_2021_mixagem.mp3\">https:\/\/www.uninter.com\/radio\/wp-content\/uploads\/2021\/04\/brasil-06_04_2021_mixagem.mp3<\/a><\/audio>\n","protected":false},"excerpt":{"rendered":"<p>No programa Brasil: nosso pa\u00eds em transforma\u00e7\u00e3o da vez vamos abordar como est\u00e1 a educa\u00e7\u00e3o,&#8230;<\/p>\n","protected":false},"author":3,"featured_media":30512,"comment_status":"open","ping_status":"open","sticky":false,"template":"","format":"standard","meta":[],"categories":[2717],"tags":[],"_links":{"self":[{"href":"https:\/\/www.uninter.com\/radio\/wp-json\/wp\/v2\/posts\/30950"}],"collection":[{"href":"https:\/\/www.uninter.com\/radio\/wp-json\/wp\/v2\/posts"}],"about":[{"href":"https:\/\/www.uninter.com\/radio\/wp-json\/wp\/v2\/types\/post"}],"author":[{"embeddable":true,"href":"https:\/\/www.uninter.com\/radio\/wp-json\/wp\/v2\/users\/3"}],"replies":[{"embeddable":true,"href":"https:\/\/www.uninter.com\/radio\/wp-json\/wp\/v2\/comments?post=30950"}],"version-history":[{"count":1,"href":"https:\/\/www.uninter.com\/radio\/wp-json\/wp\/v2\/posts\/30950\/revisions"}],"predecessor-version":[{"id":30952,"href":"https:\/\/www.uninter.com\/radio\/wp-json\/wp\/v2\/posts\/30950\/revisions\/30952"}],"wp:featuredmedia":[{"embeddable":true,"href":"https:\/\/www.uninter.com\/radio\/wp-json\/wp\/v2\/media\/30512"}],"wp:attachment":[{"href":"https:\/\/www.uninter.com\/radio\/wp-json\/wp\/v2\/media?parent=30950"}],"wp:term":[{"taxonomy":"category","embeddable":true,"href":"https:\/\/www.uninter.com\/radio\/wp-json\/wp\/v2\/categories?post=30950"},{"taxonomy":"post_tag","embeddable":true,"href":"https:\/\/www.uninter.com\/radio\/wp-json\/wp\/v2\/tags?post=30950"}],"curies":[{"name":"wp","href":"https:\/\/api.w.org\/{rel}","templated":true}]}}