{"id":30901,"date":"2021-03-31T10:26:49","date_gmt":"2021-03-31T13:26:49","guid":{"rendered":"https:\/\/www.uninter.com\/radio\/?p=30901"},"modified":"2021-03-31T10:26:49","modified_gmt":"2021-03-31T13:26:49","slug":"conversa-com-o-reitor-43","status":"publish","type":"post","link":"https:\/\/www.uninter.com\/radio\/conversa-com-o-reitor-43","title":{"rendered":"Conversa com o Reitor #43"},"content":{"rendered":"<div dir=\"auto\">Como parte das comemora\u00e7\u00f5es do anivers\u00e1rio de 25 anos do Centro Universit\u00e1rio Internacional Uninter em junho de 2021, a Central de Not\u00edcias Uninter (CNU) lan\u00e7ou em 2020 o concurso cultural Hist\u00f3rias que Fazem Nossa Hist\u00f3ria, convidando alunos e egressos a compartilharem relatos pessoais de transforma\u00e7\u00e3o por meio da educa\u00e7\u00e3o.<\/div>\n<div dir=\"auto\">S\u00e3o 25 finalistas que tiveram seus trabalhos publicados em uma se\u00e7\u00e3o especial do site do Uninter Not\u00edcias. Na edi\u00e7\u00e3o de hoje (26), recebemos Bruna Mayara Xavier Neves, estudante de Hist\u00f3ria na Uninter, vinculada ao polo de Arauc\u00e1ria (PR); Charlene Aparecida de Lima Faria, que \u00e9 estudante de Pedagogia da Uninter em Pouso Alegre (MG). E tamb\u00e9m teremos a participa\u00e7\u00e3o do prof. Jeferson Ferro, que faz parte da Central de Not\u00edcias Uninter (CNU).<\/div>\n<!--[if lt IE 9]><script>document.createElement('audio');<\/script><![endif]-->\n<audio class=\"wp-audio-shortcode\" id=\"audio-30901-1\" preload=\"none\" style=\"width: 100%;\" controls=\"controls\"><source type=\"audio\/mpeg\" src=\"https:\/\/www.uninter.com\/radio\/wp-content\/uploads\/2021\/03\/conversa-com-o-reitor-26_03_2021_mixagem.mp3?_=1\" \/><a href=\"https:\/\/www.uninter.com\/radio\/wp-content\/uploads\/2021\/03\/conversa-com-o-reitor-26_03_2021_mixagem.mp3\">https:\/\/www.uninter.com\/radio\/wp-content\/uploads\/2021\/03\/conversa-com-o-reitor-26_03_2021_mixagem.mp3<\/a><\/audio>\n","protected":false},"excerpt":{"rendered":"<p>Como parte das comemora\u00e7\u00f5es do anivers\u00e1rio de 25 anos do Centro Universit\u00e1rio Internacional Uninter em&#8230;<\/p>\n","protected":false},"author":3,"featured_media":30517,"comment_status":"open","ping_status":"open","sticky":false,"template":"","format":"standard","meta":[],"categories":[2724],"tags":[],"_links":{"self":[{"href":"https:\/\/www.uninter.com\/radio\/wp-json\/wp\/v2\/posts\/30901"}],"collection":[{"href":"https:\/\/www.uninter.com\/radio\/wp-json\/wp\/v2\/posts"}],"about":[{"href":"https:\/\/www.uninter.com\/radio\/wp-json\/wp\/v2\/types\/post"}],"author":[{"embeddable":true,"href":"https:\/\/www.uninter.com\/radio\/wp-json\/wp\/v2\/users\/3"}],"replies":[{"embeddable":true,"href":"https:\/\/www.uninter.com\/radio\/wp-json\/wp\/v2\/comments?post=30901"}],"version-history":[{"count":1,"href":"https:\/\/www.uninter.com\/radio\/wp-json\/wp\/v2\/posts\/30901\/revisions"}],"predecessor-version":[{"id":30903,"href":"https:\/\/www.uninter.com\/radio\/wp-json\/wp\/v2\/posts\/30901\/revisions\/30903"}],"wp:featuredmedia":[{"embeddable":true,"href":"https:\/\/www.uninter.com\/radio\/wp-json\/wp\/v2\/media\/30517"}],"wp:attachment":[{"href":"https:\/\/www.uninter.com\/radio\/wp-json\/wp\/v2\/media?parent=30901"}],"wp:term":[{"taxonomy":"category","embeddable":true,"href":"https:\/\/www.uninter.com\/radio\/wp-json\/wp\/v2\/categories?post=30901"},{"taxonomy":"post_tag","embeddable":true,"href":"https:\/\/www.uninter.com\/radio\/wp-json\/wp\/v2\/tags?post=30901"}],"curies":[{"name":"wp","href":"https:\/\/api.w.org\/{rel}","templated":true}]}}