{"id":30868,"date":"2021-03-30T15:15:11","date_gmt":"2021-03-30T18:15:11","guid":{"rendered":"https:\/\/www.uninter.com\/radio\/?p=30868"},"modified":"2021-03-30T15:15:11","modified_gmt":"2021-03-30T18:15:11","slug":"inclusao-em-rede-34","status":"publish","type":"post","link":"https:\/\/www.uninter.com\/radio\/inclusao-em-rede-34","title":{"rendered":"Inclus\u00e3o em Rede #34"},"content":{"rendered":"<div dir=\"auto\">Continuando no m\u00eas das comemora\u00e7\u00f5es ao m\u00eas da mulher, o Inclus\u00e3o em Rede da vez fala sobre Mulheres vitoriosas: uma cantora cega de sucesso!!!<\/div>\n<div dir=\"auto\">Para isso, temos a convidada Luciene Pereira, cantora profissional com 26 anos de carreira.<\/div>\n<div dir=\"auto\">Acompanhe e participe!<\/div>\n<!--[if lt IE 9]><script>document.createElement('audio');<\/script><![endif]-->\n<audio class=\"wp-audio-shortcode\" id=\"audio-30868-1\" preload=\"none\" style=\"width: 100%;\" controls=\"controls\"><source type=\"audio\/mpeg\" src=\"https:\/\/www.uninter.com\/radio\/wp-content\/uploads\/2021\/03\/inclus\u00e3o-em-rede-19_03_2021_mixagem-online-audio-converter.com_.mp3?_=1\" \/><a href=\"https:\/\/www.uninter.com\/radio\/wp-content\/uploads\/2021\/03\/inclus\u00e3o-em-rede-19_03_2021_mixagem-online-audio-converter.com_.mp3\">https:\/\/www.uninter.com\/radio\/wp-content\/uploads\/2021\/03\/inclus\u00e3o-em-rede-19_03_2021_mixagem-online-audio-converter.com_.mp3<\/a><\/audio>\n","protected":false},"excerpt":{"rendered":"<p>Continuando no m\u00eas das comemora\u00e7\u00f5es ao m\u00eas da mulher, o Inclus\u00e3o em Rede da vez&#8230;<\/p>\n","protected":false},"author":3,"featured_media":30530,"comment_status":"open","ping_status":"open","sticky":false,"template":"","format":"standard","meta":[],"categories":[2727],"tags":[],"_links":{"self":[{"href":"https:\/\/www.uninter.com\/radio\/wp-json\/wp\/v2\/posts\/30868"}],"collection":[{"href":"https:\/\/www.uninter.com\/radio\/wp-json\/wp\/v2\/posts"}],"about":[{"href":"https:\/\/www.uninter.com\/radio\/wp-json\/wp\/v2\/types\/post"}],"author":[{"embeddable":true,"href":"https:\/\/www.uninter.com\/radio\/wp-json\/wp\/v2\/users\/3"}],"replies":[{"embeddable":true,"href":"https:\/\/www.uninter.com\/radio\/wp-json\/wp\/v2\/comments?post=30868"}],"version-history":[{"count":1,"href":"https:\/\/www.uninter.com\/radio\/wp-json\/wp\/v2\/posts\/30868\/revisions"}],"predecessor-version":[{"id":30870,"href":"https:\/\/www.uninter.com\/radio\/wp-json\/wp\/v2\/posts\/30868\/revisions\/30870"}],"wp:featuredmedia":[{"embeddable":true,"href":"https:\/\/www.uninter.com\/radio\/wp-json\/wp\/v2\/media\/30530"}],"wp:attachment":[{"href":"https:\/\/www.uninter.com\/radio\/wp-json\/wp\/v2\/media?parent=30868"}],"wp:term":[{"taxonomy":"category","embeddable":true,"href":"https:\/\/www.uninter.com\/radio\/wp-json\/wp\/v2\/categories?post=30868"},{"taxonomy":"post_tag","embeddable":true,"href":"https:\/\/www.uninter.com\/radio\/wp-json\/wp\/v2\/tags?post=30868"}],"curies":[{"name":"wp","href":"https:\/\/api.w.org\/{rel}","templated":true}]}}